{"id":6834,"date":"2024-11-22T09:11:02","date_gmt":"2024-11-22T08:11:02","guid":{"rendered":"https:\/\/agora.xtec.cat\/iesdelvoltreganes\/?p=6834"},"modified":"2024-11-25T09:56:29","modified_gmt":"2024-11-25T08:56:29","slug":"rcs-de-comunicacio","status":"publish","type":"post","link":"https:\/\/agora.xtec.cat\/iesdelvoltreganes\/general\/rcs-de-comunicacio\/","title":{"rendered":"Recerca, Creaci\u00f3 i Servei de comunicaci\u00f3"},"content":{"rendered":"<p>A RCS de comunicaci\u00f3, a 4t d&#8217;ESO, rebem una visita de luxe: la Rut Vidal Oltra.<br \/>\nDespr\u00e9s de comen\u00e7ar a redactar el llibre que presentarem el mes de gener, hem rebut la visita de la Rut Vidal Oltra, escriptora professional de la novel\u00b7la Entreacte. Ens ha explicat moltes coses de l&#8217;ofici d&#8217;escriure, ha escoltat i ha fet recomanacions dels textos que hav\u00edem escrit i ha resolt els nostres dubtes. Una jornada molt profitosa. Moltes gr\u00e0cies, Rut, tot un luxe que ens hagis visitat!<\/p>\n<p><a href=\"https:\/\/agora.xtec.cat\/iesdelvoltreganes\/wp-content\/uploads\/usu618\/2024\/11\/IMG-20241121-WA0007.jpg\"><img loading=\"lazy\" decoding=\"async\" class=\"size-medium wp-image-6835 aligncenter\" src=\"https:\/\/agora.xtec.cat\/iesdelvoltreganes\/wp-content\/uploads\/usu618\/2024\/11\/IMG-20241121-WA0007-300x225.jpg\" alt=\"\" width=\"300\" height=\"225\" srcset=\"https:\/\/agora.xtec.cat\/iesdelvoltreganes\/wp-content\/uploads\/usu618\/2024\/11\/IMG-20241121-WA0007-300x225.jpg 300w, https:\/\/agora.xtec.cat\/iesdelvoltreganes\/wp-content\/uploads\/usu618\/2024\/11\/IMG-20241121-WA0007-1024x768.jpg 1024w, https:\/\/agora.xtec.cat\/iesdelvoltreganes\/wp-content\/uploads\/usu618\/2024\/11\/IMG-20241121-WA0007-768x576.jpg 768w, https:\/\/agora.xtec.cat\/iesdelvoltreganes\/wp-content\/uploads\/usu618\/2024\/11\/IMG-20241121-WA0007-1536x1152.jpg 1536w, https:\/\/agora.xtec.cat\/iesdelvoltreganes\/wp-content\/uploads\/usu618\/2024\/11\/IMG-20241121-WA0007-200x150.jpg 200w, https:\/\/agora.xtec.cat\/iesdelvoltreganes\/wp-content\/uploads\/usu618\/2024\/11\/IMG-20241121-WA0007.jpg 1600w\" sizes=\"auto, (max-width: 300px) 100vw, 300px\" \/><\/a><\/p>\n","protected":false},"excerpt":{"rendered":"<p>A RCS de comunicaci\u00f3, a 4t d&#8217;ESO, rebem una visita de luxe: la Rut Vidal Oltra.<br \/>\nDespr\u00e9s de comen\u00e7ar a redactar el llibre que presentarem el mes de gener, hem rebut la visita de la Rut Vidal Oltra, escriptora professional de la novel\u00b7la Entreacte. Ens ha&hellip;  <a href=\"https:\/\/agora.xtec.cat\/iesdelvoltreganes\/general\/rcs-de-comunicacio\/\" title=\"Read Recerca, Creaci\u00f3 i Servei de comunicaci\u00f3\">Llegeix m\u00e9s\u00bb<\/a><\/p>\n","protected":false},"author":6,"featured_media":0,"comment_status":"closed","ping_status":"closed","sticky":false,"template":"","format":"standard","meta":{"_bbp_topic_count":0,"_bbp_reply_count":0,"_bbp_total_topic_count":0,"_bbp_total_reply_count":0,"_bbp_voice_count":0,"_bbp_anonymous_reply_count":0,"_bbp_topic_count_hidden":0,"_bbp_reply_count_hidden":0,"_bbp_forum_subforum_count":0,"footnotes":""},"categories":[7,1,72,29],"tags":[],"class_list":["post-6834","post","type-post","status-publish","format-standard","hentry","category-eso-4","category-general","category-llengues-i-literatura","category-portada"],"post_mailing_queue_ids":[],"_links":{"self":[{"href":"https:\/\/agora.xtec.cat\/iesdelvoltreganes\/wp-json\/wp\/v2\/posts\/6834","targetHints":{"allow":["GET"]}}],"collection":[{"href":"https:\/\/agora.xtec.cat\/iesdelvoltreganes\/wp-json\/wp\/v2\/posts"}],"about":[{"href":"https:\/\/agora.xtec.cat\/iesdelvoltreganes\/wp-json\/wp\/v2\/types\/post"}],"author":[{"embeddable":true,"href":"https:\/\/agora.xtec.cat\/iesdelvoltreganes\/wp-json\/wp\/v2\/users\/6"}],"replies":[{"embeddable":true,"href":"https:\/\/agora.xtec.cat\/iesdelvoltreganes\/wp-json\/wp\/v2\/comments?post=6834"}],"version-history":[{"count":3,"href":"https:\/\/agora.xtec.cat\/iesdelvoltreganes\/wp-json\/wp\/v2\/posts\/6834\/revisions"}],"predecessor-version":[{"id":6838,"href":"https:\/\/agora.xtec.cat\/iesdelvoltreganes\/wp-json\/wp\/v2\/posts\/6834\/revisions\/6838"}],"wp:attachment":[{"href":"https:\/\/agora.xtec.cat\/iesdelvoltreganes\/wp-json\/wp\/v2\/media?parent=6834"}],"wp:term":[{"taxonomy":"category","embeddable":true,"href":"https:\/\/agora.xtec.cat\/iesdelvoltreganes\/wp-json\/wp\/v2\/categories?post=6834"},{"taxonomy":"post_tag","embeddable":true,"href":"https:\/\/agora.xtec.cat\/iesdelvoltreganes\/wp-json\/wp\/v2\/tags?post=6834"}],"curies":[{"name":"wp","href":"https:\/\/api.w.org\/{rel}","templated":true}]}}