{"id":6823,"date":"2024-11-20T13:46:30","date_gmt":"2024-11-20T12:46:30","guid":{"rendered":"https:\/\/agora.xtec.cat\/iesdelvoltreganes\/?p=6823"},"modified":"2024-11-20T13:51:14","modified_gmt":"2024-11-20T12:51:14","slug":"jornades-de-memoria-democratica-dosona","status":"publish","type":"post","link":"https:\/\/agora.xtec.cat\/iesdelvoltreganes\/general\/jornades-de-memoria-democratica-dosona\/","title":{"rendered":"Jornades de Mem\u00f2ria Democr\u00e0tica d&#8217;Osona"},"content":{"rendered":"<p><img loading=\"lazy\" decoding=\"async\" class=\"size-medium wp-image-6826 aligncenter\" style=\"border: none; color: #2795b6;\" src=\"https:\/\/agora.xtec.cat\/iesdelvoltreganes\/wp-content\/uploads\/usu618\/2024\/11\/IMG-20241117-WA0019-200x300.jpg\" alt=\"\" width=\"200\" height=\"300\" srcset=\"https:\/\/agora.xtec.cat\/iesdelvoltreganes\/wp-content\/uploads\/usu618\/2024\/11\/IMG-20241117-WA0019-200x300.jpg 200w, https:\/\/agora.xtec.cat\/iesdelvoltreganes\/wp-content\/uploads\/usu618\/2024\/11\/IMG-20241117-WA0019-684x1024.jpg 684w, https:\/\/agora.xtec.cat\/iesdelvoltreganes\/wp-content\/uploads\/usu618\/2024\/11\/IMG-20241117-WA0019-768x1149.jpg 768w, https:\/\/agora.xtec.cat\/iesdelvoltreganes\/wp-content\/uploads\/usu618\/2024\/11\/IMG-20241117-WA0019-1027x1536.jpg 1027w, https:\/\/agora.xtec.cat\/iesdelvoltreganes\/wp-content\/uploads\/usu618\/2024\/11\/IMG-20241117-WA0019.jpg 1080w\" sizes=\"auto, (max-width: 200px) 100vw, 200px\" \/><\/p>\n<p>Divendres dia 15, l&#8217;alumnat de 1r de Batxillerat va participar a les VIII Jornades de Mem\u00f2ria Democr\u00e0tica d&#8217;Osona que enguany es celebraven a Gurb. El tema central dels actes tractava sobre la pedagogia de la por que es va explicar mitjan\u00e7ant la projecci\u00f3 de la pel\u00b7l\u00edcula El mestre que va prometre el mar i el posterior col\u00b7loqui amb el guionista del llargmetratge Albert Val i el documentalista i fotoperiodista Sergi Bernal.<br \/>\nPer tancar la jornada, es va presentar un treball de recerca vinculat a la mem\u00f2ria hist\u00f2rica per tal de mostrar a l&#8217;alumnat com portar a terme una investigaci\u00f3 d&#8217;aquesta tem\u00e0tica.<br \/>\nPart de l&#8217;acte va comptar amb la pres\u00e8ncia de l&#8217;alcaldessa de Masies i l&#8217;alcalde de Sant Hip\u00f2lit, encarregats de prendre el relleu de les Jornades que se celebraran al Voltregan\u00e8s l&#8217;any vinent.<br \/>\nEsperem que tot el que van poder escoltar i aprendre els nostres alumnes els serveixi per entendre qu\u00e8 \u00e9s la pedagogia de la por i, si els cal, puguin aplicar-ho per millorar el seu futur.<\/p>\n<p><a href=\"https:\/\/agora.xtec.cat\/iesdelvoltreganes\/wp-content\/uploads\/usu618\/2024\/11\/IMG-20241117-WA0027.jpg\"><img loading=\"lazy\" decoding=\"async\" class=\"size-medium wp-image-6825 aligncenter\" src=\"https:\/\/agora.xtec.cat\/iesdelvoltreganes\/wp-content\/uploads\/usu618\/2024\/11\/IMG-20241117-WA0027-300x200.jpg\" alt=\"\" width=\"300\" height=\"200\" srcset=\"https:\/\/agora.xtec.cat\/iesdelvoltreganes\/wp-content\/uploads\/usu618\/2024\/11\/IMG-20241117-WA0027-300x200.jpg 300w, https:\/\/agora.xtec.cat\/iesdelvoltreganes\/wp-content\/uploads\/usu618\/2024\/11\/IMG-20241117-WA0027-1024x684.jpg 1024w, https:\/\/agora.xtec.cat\/iesdelvoltreganes\/wp-content\/uploads\/usu618\/2024\/11\/IMG-20241117-WA0027-768x513.jpg 768w, https:\/\/agora.xtec.cat\/iesdelvoltreganes\/wp-content\/uploads\/usu618\/2024\/11\/IMG-20241117-WA0027-1536x1027.jpg 1536w, https:\/\/agora.xtec.cat\/iesdelvoltreganes\/wp-content\/uploads\/usu618\/2024\/11\/IMG-20241117-WA0027.jpg 1616w\" sizes=\"auto, (max-width: 300px) 100vw, 300px\" \/><\/a> <a href=\"https:\/\/agora.xtec.cat\/iesdelvoltreganes\/wp-content\/uploads\/usu618\/2024\/11\/IMG-20241117-WA0003.jpg\"><img loading=\"lazy\" decoding=\"async\" class=\"size-medium wp-image-6824 aligncenter\" src=\"https:\/\/agora.xtec.cat\/iesdelvoltreganes\/wp-content\/uploads\/usu618\/2024\/11\/IMG-20241117-WA0003-300x200.jpg\" alt=\"\" width=\"300\" height=\"200\" srcset=\"https:\/\/agora.xtec.cat\/iesdelvoltreganes\/wp-content\/uploads\/usu618\/2024\/11\/IMG-20241117-WA0003-300x200.jpg 300w, https:\/\/agora.xtec.cat\/iesdelvoltreganes\/wp-content\/uploads\/usu618\/2024\/11\/IMG-20241117-WA0003-1024x684.jpg 1024w, https:\/\/agora.xtec.cat\/iesdelvoltreganes\/wp-content\/uploads\/usu618\/2024\/11\/IMG-20241117-WA0003-768x513.jpg 768w, https:\/\/agora.xtec.cat\/iesdelvoltreganes\/wp-content\/uploads\/usu618\/2024\/11\/IMG-20241117-WA0003-1536x1027.jpg 1536w, https:\/\/agora.xtec.cat\/iesdelvoltreganes\/wp-content\/uploads\/usu618\/2024\/11\/IMG-20241117-WA0003.jpg 1616w\" sizes=\"auto, (max-width: 300px) 100vw, 300px\" \/><\/a><\/p>\n","protected":false},"excerpt":{"rendered":"<p>Divendres dia 15, l&#8217;alumnat de 1r de Batxillerat va participar a les VIII Jornades de Mem\u00f2ria Democr\u00e0tica d&#8217;Osona que enguany es celebraven a Gurb. El tema central dels actes tractava sobre la pedagogia de la por que es va explicar mitjan\u00e7ant la projecci\u00f3 de la&hellip;  <a href=\"https:\/\/agora.xtec.cat\/iesdelvoltreganes\/general\/jornades-de-memoria-democratica-dosona\/\" title=\"Read Jornades de Mem\u00f2ria Democr\u00e0tica d&#8217;Osona\">Llegeix m\u00e9s\u00bb<\/a><\/p>\n","protected":false},"author":6,"featured_media":0,"comment_status":"closed","ping_status":"closed","sticky":false,"template":"","format":"standard","meta":{"_bbp_topic_count":0,"_bbp_reply_count":0,"_bbp_total_topic_count":0,"_bbp_total_reply_count":0,"_bbp_voice_count":0,"_bbp_anonymous_reply_count":0,"_bbp_topic_count_hidden":0,"_bbp_reply_count_hidden":0,"_bbp_forum_subforum_count":0,"footnotes":""},"categories":[8,66,1,29],"tags":[],"class_list":["post-6823","post","type-post","status-publish","format-standard","hentry","category-batxillerat","category-ciencies-socials","category-general","category-portada"],"post_mailing_queue_ids":[],"_links":{"self":[{"href":"https:\/\/agora.xtec.cat\/iesdelvoltreganes\/wp-json\/wp\/v2\/posts\/6823","targetHints":{"allow":["GET"]}}],"collection":[{"href":"https:\/\/agora.xtec.cat\/iesdelvoltreganes\/wp-json\/wp\/v2\/posts"}],"about":[{"href":"https:\/\/agora.xtec.cat\/iesdelvoltreganes\/wp-json\/wp\/v2\/types\/post"}],"author":[{"embeddable":true,"href":"https:\/\/agora.xtec.cat\/iesdelvoltreganes\/wp-json\/wp\/v2\/users\/6"}],"replies":[{"embeddable":true,"href":"https:\/\/agora.xtec.cat\/iesdelvoltreganes\/wp-json\/wp\/v2\/comments?post=6823"}],"version-history":[{"count":6,"href":"https:\/\/agora.xtec.cat\/iesdelvoltreganes\/wp-json\/wp\/v2\/posts\/6823\/revisions"}],"predecessor-version":[{"id":6833,"href":"https:\/\/agora.xtec.cat\/iesdelvoltreganes\/wp-json\/wp\/v2\/posts\/6823\/revisions\/6833"}],"wp:attachment":[{"href":"https:\/\/agora.xtec.cat\/iesdelvoltreganes\/wp-json\/wp\/v2\/media?parent=6823"}],"wp:term":[{"taxonomy":"category","embeddable":true,"href":"https:\/\/agora.xtec.cat\/iesdelvoltreganes\/wp-json\/wp\/v2\/categories?post=6823"},{"taxonomy":"post_tag","embeddable":true,"href":"https:\/\/agora.xtec.cat\/iesdelvoltreganes\/wp-json\/wp\/v2\/tags?post=6823"}],"curies":[{"name":"wp","href":"https:\/\/api.w.org\/{rel}","templated":true}]}}