{"id":6810,"date":"2024-10-31T09:33:47","date_gmt":"2024-10-31T08:33:47","guid":{"rendered":"https:\/\/agora.xtec.cat\/iesdelvoltreganes\/?p=6810"},"modified":"2024-10-31T09:38:29","modified_gmt":"2024-10-31T08:38:29","slug":"don-ve-la-roba-que-portem-2","status":"publish","type":"post","link":"https:\/\/agora.xtec.cat\/iesdelvoltreganes\/general\/don-ve-la-roba-que-portem-2\/","title":{"rendered":"D&#8217;on ve la roba que portem?"},"content":{"rendered":"<p>En el marc del projecte &#8220;D&#8217;on ve la roba que portem?&#8221;, hem rebut la visita de la Sussanna, que ens ha introdu\u00eft en l\u2019art de fer teixit de punt amb la t\u00e8cnica amigurumi, creant ninots de ganxet farcits. Ha estat una experi\u00e8ncia molt enriquidora i especial. Hem constatat que per aprendre, ens cal paci\u00e8ncia i concentraci\u00f3, i la Susanna ens ha desafiat a crear alguna cosa abans de Nadal. Ens en sortirem amb els dos punts que hem apr\u00e8s avui: la cadeneta i el punt doble!<\/p>\n<p><a href=\"https:\/\/agora.xtec.cat\/iesdelvoltreganes\/wp-content\/uploads\/usu618\/2024\/10\/WhatsApp-Image-2024-10-30-at-21.26.11-1.jpeg\"><img loading=\"lazy\" decoding=\"async\" class=\"alignnone wp-image-6811 size-medium\" src=\"https:\/\/agora.xtec.cat\/iesdelvoltreganes\/wp-content\/uploads\/usu618\/2024\/10\/WhatsApp-Image-2024-10-30-at-21.26.11-1-e1730363736113-300x248.jpeg\" alt=\"\" width=\"300\" height=\"248\" srcset=\"https:\/\/agora.xtec.cat\/iesdelvoltreganes\/wp-content\/uploads\/usu618\/2024\/10\/WhatsApp-Image-2024-10-30-at-21.26.11-1-e1730363736113-300x248.jpeg 300w, https:\/\/agora.xtec.cat\/iesdelvoltreganes\/wp-content\/uploads\/usu618\/2024\/10\/WhatsApp-Image-2024-10-30-at-21.26.11-1-e1730363736113-768x635.jpeg 768w, https:\/\/agora.xtec.cat\/iesdelvoltreganes\/wp-content\/uploads\/usu618\/2024\/10\/WhatsApp-Image-2024-10-30-at-21.26.11-1-e1730363736113.jpeg 906w\" sizes=\"auto, (max-width: 300px) 100vw, 300px\" \/><\/a> <a href=\"https:\/\/agora.xtec.cat\/iesdelvoltreganes\/wp-content\/uploads\/usu618\/2024\/10\/WhatsApp-Image-2024-10-30-at-21.26.11-3.jpeg\"><img loading=\"lazy\" decoding=\"async\" class=\"alignright wp-image-6813 size-medium\" src=\"https:\/\/agora.xtec.cat\/iesdelvoltreganes\/wp-content\/uploads\/usu618\/2024\/10\/WhatsApp-Image-2024-10-30-at-21.26.11-3-e1730363897470-256x300.jpeg\" alt=\"\" width=\"256\" height=\"300\" srcset=\"https:\/\/agora.xtec.cat\/iesdelvoltreganes\/wp-content\/uploads\/usu618\/2024\/10\/WhatsApp-Image-2024-10-30-at-21.26.11-3-e1730363897470-256x300.jpeg 256w, https:\/\/agora.xtec.cat\/iesdelvoltreganes\/wp-content\/uploads\/usu618\/2024\/10\/WhatsApp-Image-2024-10-30-at-21.26.11-3-e1730363897470-872x1024.jpeg 872w, https:\/\/agora.xtec.cat\/iesdelvoltreganes\/wp-content\/uploads\/usu618\/2024\/10\/WhatsApp-Image-2024-10-30-at-21.26.11-3-e1730363897470-768x902.jpeg 768w, https:\/\/agora.xtec.cat\/iesdelvoltreganes\/wp-content\/uploads\/usu618\/2024\/10\/WhatsApp-Image-2024-10-30-at-21.26.11-3-e1730363897470.jpeg 1040w\" sizes=\"auto, (max-width: 256px) 100vw, 256px\" \/><\/a><\/p>\n<p>&nbsp;<\/p>\n<p><a href=\"https:\/\/agora.xtec.cat\/iesdelvoltreganes\/wp-content\/uploads\/usu618\/2024\/10\/WhatsApp-Image-2024-10-30-at-21.26.11-2.jpeg\"><img loading=\"lazy\" decoding=\"async\" class=\"size-medium wp-image-6812 aligncenter\" src=\"https:\/\/agora.xtec.cat\/iesdelvoltreganes\/wp-content\/uploads\/usu618\/2024\/10\/WhatsApp-Image-2024-10-30-at-21.26.11-2-300x225.jpeg\" alt=\"\" width=\"300\" height=\"225\" srcset=\"https:\/\/agora.xtec.cat\/iesdelvoltreganes\/wp-content\/uploads\/usu618\/2024\/10\/WhatsApp-Image-2024-10-30-at-21.26.11-2-300x225.jpeg 300w, https:\/\/agora.xtec.cat\/iesdelvoltreganes\/wp-content\/uploads\/usu618\/2024\/10\/WhatsApp-Image-2024-10-30-at-21.26.11-2-1024x768.jpeg 1024w, https:\/\/agora.xtec.cat\/iesdelvoltreganes\/wp-content\/uploads\/usu618\/2024\/10\/WhatsApp-Image-2024-10-30-at-21.26.11-2-768x576.jpeg 768w, https:\/\/agora.xtec.cat\/iesdelvoltreganes\/wp-content\/uploads\/usu618\/2024\/10\/WhatsApp-Image-2024-10-30-at-21.26.11-2-1536x1152.jpeg 1536w, https:\/\/agora.xtec.cat\/iesdelvoltreganes\/wp-content\/uploads\/usu618\/2024\/10\/WhatsApp-Image-2024-10-30-at-21.26.11-2-200x150.jpeg 200w, https:\/\/agora.xtec.cat\/iesdelvoltreganes\/wp-content\/uploads\/usu618\/2024\/10\/WhatsApp-Image-2024-10-30-at-21.26.11-2.jpeg 1600w\" sizes=\"auto, (max-width: 300px) 100vw, 300px\" \/><\/a><\/p>\n","protected":false},"excerpt":{"rendered":"<p>En el marc del projecte &#8220;D&#8217;on ve la roba que portem?&#8221;, hem rebut la visita de la Sussanna, que ens ha introdu\u00eft en l\u2019art de fer teixit de punt amb la t\u00e8cnica amigurumi, creant ninots de ganxet farcits. Ha estat una experi\u00e8ncia molt enriquidora i&hellip;  <a href=\"https:\/\/agora.xtec.cat\/iesdelvoltreganes\/general\/don-ve-la-roba-que-portem-2\/\" title=\"Read D&#8217;on ve la roba que portem?\">Llegeix m\u00e9s\u00bb<\/a><\/p>\n","protected":false},"author":6,"featured_media":0,"comment_status":"closed","ping_status":"closed","sticky":false,"template":"","format":"standard","meta":{"_bbp_topic_count":0,"_bbp_reply_count":0,"_bbp_total_topic_count":0,"_bbp_total_reply_count":0,"_bbp_voice_count":0,"_bbp_anonymous_reply_count":0,"_bbp_topic_count_hidden":0,"_bbp_reply_count_hidden":0,"_bbp_forum_subforum_count":0,"footnotes":""},"categories":[7,1,29],"tags":[58],"class_list":["post-6810","post","type-post","status-publish","format-standard","hentry","category-eso-4","category-general","category-portada","tag-tallers"],"post_mailing_queue_ids":[],"_links":{"self":[{"href":"https:\/\/agora.xtec.cat\/iesdelvoltreganes\/wp-json\/wp\/v2\/posts\/6810","targetHints":{"allow":["GET"]}}],"collection":[{"href":"https:\/\/agora.xtec.cat\/iesdelvoltreganes\/wp-json\/wp\/v2\/posts"}],"about":[{"href":"https:\/\/agora.xtec.cat\/iesdelvoltreganes\/wp-json\/wp\/v2\/types\/post"}],"author":[{"embeddable":true,"href":"https:\/\/agora.xtec.cat\/iesdelvoltreganes\/wp-json\/wp\/v2\/users\/6"}],"replies":[{"embeddable":true,"href":"https:\/\/agora.xtec.cat\/iesdelvoltreganes\/wp-json\/wp\/v2\/comments?post=6810"}],"version-history":[{"count":5,"href":"https:\/\/agora.xtec.cat\/iesdelvoltreganes\/wp-json\/wp\/v2\/posts\/6810\/revisions"}],"predecessor-version":[{"id":6818,"href":"https:\/\/agora.xtec.cat\/iesdelvoltreganes\/wp-json\/wp\/v2\/posts\/6810\/revisions\/6818"}],"wp:attachment":[{"href":"https:\/\/agora.xtec.cat\/iesdelvoltreganes\/wp-json\/wp\/v2\/media?parent=6810"}],"wp:term":[{"taxonomy":"category","embeddable":true,"href":"https:\/\/agora.xtec.cat\/iesdelvoltreganes\/wp-json\/wp\/v2\/categories?post=6810"},{"taxonomy":"post_tag","embeddable":true,"href":"https:\/\/agora.xtec.cat\/iesdelvoltreganes\/wp-json\/wp\/v2\/tags?post=6810"}],"curies":[{"name":"wp","href":"https:\/\/api.w.org\/{rel}","templated":true}]}}