{"id":6791,"date":"2024-10-04T13:09:33","date_gmt":"2024-10-04T11:09:33","guid":{"rendered":"https:\/\/agora.xtec.cat\/iesdelvoltreganes\/?p=6791"},"modified":"2024-10-04T13:10:53","modified_gmt":"2024-10-04T11:10:53","slug":"excursio-al-puigsacalm","status":"publish","type":"post","link":"https:\/\/agora.xtec.cat\/iesdelvoltreganes\/general\/excursio-al-puigsacalm\/","title":{"rendered":"Excursi\u00f3 al Puigsacalm"},"content":{"rendered":"<p><a href=\"https:\/\/agora.xtec.cat\/iesdelvoltreganes\/wp-content\/uploads\/usu618\/2024\/10\/image_50422785.jpg\"><img loading=\"lazy\" decoding=\"async\" class=\"size-medium wp-image-6793 aligncenter\" src=\"https:\/\/agora.xtec.cat\/iesdelvoltreganes\/wp-content\/uploads\/usu618\/2024\/10\/image_50422785-300x225.jpg\" alt=\"\" width=\"300\" height=\"225\" srcset=\"https:\/\/agora.xtec.cat\/iesdelvoltreganes\/wp-content\/uploads\/usu618\/2024\/10\/image_50422785-300x225.jpg 300w, https:\/\/agora.xtec.cat\/iesdelvoltreganes\/wp-content\/uploads\/usu618\/2024\/10\/image_50422785-1024x768.jpg 1024w, https:\/\/agora.xtec.cat\/iesdelvoltreganes\/wp-content\/uploads\/usu618\/2024\/10\/image_50422785-768x576.jpg 768w, https:\/\/agora.xtec.cat\/iesdelvoltreganes\/wp-content\/uploads\/usu618\/2024\/10\/image_50422785-1536x1152.jpg 1536w, https:\/\/agora.xtec.cat\/iesdelvoltreganes\/wp-content\/uploads\/usu618\/2024\/10\/image_50422785-200x150.jpg 200w, https:\/\/agora.xtec.cat\/iesdelvoltreganes\/wp-content\/uploads\/usu618\/2024\/10\/image_50422785.jpg 2016w\" sizes=\"auto, (max-width: 300px) 100vw, 300px\" \/><\/a><\/p>\n<p>L&#8217;alumnat de 4t d&#8217;ESO ha anat d&#8217;excursi\u00f3 al Puigsacalm per tal de con\u00e8ixer diferents entorns naturals pr\u00f2xims per dur a terme activitat f\u00edsica. L&#8217;excursi\u00f3 forma part de les activitats de la situaci\u00f3 d&#8217;aprenentatge activitat f\u00edsica al medi natural: El senderisme que l&#8217;alumnat est\u00e0 realitzant a la mat\u00e8ria d&#8217;Educaci\u00f3 F\u00edsica. En aquesta sortida l&#8217;alumnat ha desenvolupat la compet\u00e8ncia digital a partir de l&#8217;\u00fas de l&#8217;app Wikiloc, que pr\u00e8viament se&#8217;ls va presentar, amb la qual han gravat la seva ruta i han completat amb imatges, descripci\u00f3 i punts d&#8217;inter\u00e8s. L&#8217;excursi\u00f3 ha estat tot un \u00e8xit.<\/p>\n","protected":false},"excerpt":{"rendered":"<p><a href=\"https:\/\/agora.xtec.cat\/iesdelvoltreganes\/wp-content\/uploads\/usu618\/2024\/10\/image_50422785.jpg\"><\/a><br \/>\nL&#8217;alumnat de 4t d&#8217;ESO ha anat d&#8217;excursi\u00f3 al Puigsacalm per tal de con\u00e8ixer diferents entorns naturals pr\u00f2xims per dur a terme activitat f\u00edsica. L&#8217;excursi\u00f3 forma part de les activitats de la situaci\u00f3 d&#8217;aprenentatge activitat f\u00edsica al medi natural: El senderisme que l&#8217;alumnat est\u00e0 realitzant&hellip;  <a href=\"https:\/\/agora.xtec.cat\/iesdelvoltreganes\/general\/excursio-al-puigsacalm\/\" title=\"Read Excursi\u00f3 al Puigsacalm\">Llegeix m\u00e9s\u00bb<\/a><\/p>\n","protected":false},"author":6,"featured_media":0,"comment_status":"closed","ping_status":"closed","sticky":false,"template":"","format":"standard","meta":{"_bbp_topic_count":0,"_bbp_reply_count":0,"_bbp_total_topic_count":0,"_bbp_total_reply_count":0,"_bbp_voice_count":0,"_bbp_anonymous_reply_count":0,"_bbp_topic_count_hidden":0,"_bbp_reply_count_hidden":0,"_bbp_forum_subforum_count":0,"footnotes":""},"categories":[67,7,1,29],"tags":[39],"class_list":["post-6791","post","type-post","status-publish","format-standard","hentry","category-educacio-fisica","category-eso-4","category-general","category-portada","tag-sortides"],"post_mailing_queue_ids":[],"_links":{"self":[{"href":"https:\/\/agora.xtec.cat\/iesdelvoltreganes\/wp-json\/wp\/v2\/posts\/6791","targetHints":{"allow":["GET"]}}],"collection":[{"href":"https:\/\/agora.xtec.cat\/iesdelvoltreganes\/wp-json\/wp\/v2\/posts"}],"about":[{"href":"https:\/\/agora.xtec.cat\/iesdelvoltreganes\/wp-json\/wp\/v2\/types\/post"}],"author":[{"embeddable":true,"href":"https:\/\/agora.xtec.cat\/iesdelvoltreganes\/wp-json\/wp\/v2\/users\/6"}],"replies":[{"embeddable":true,"href":"https:\/\/agora.xtec.cat\/iesdelvoltreganes\/wp-json\/wp\/v2\/comments?post=6791"}],"version-history":[{"count":3,"href":"https:\/\/agora.xtec.cat\/iesdelvoltreganes\/wp-json\/wp\/v2\/posts\/6791\/revisions"}],"predecessor-version":[{"id":6795,"href":"https:\/\/agora.xtec.cat\/iesdelvoltreganes\/wp-json\/wp\/v2\/posts\/6791\/revisions\/6795"}],"wp:attachment":[{"href":"https:\/\/agora.xtec.cat\/iesdelvoltreganes\/wp-json\/wp\/v2\/media?parent=6791"}],"wp:term":[{"taxonomy":"category","embeddable":true,"href":"https:\/\/agora.xtec.cat\/iesdelvoltreganes\/wp-json\/wp\/v2\/categories?post=6791"},{"taxonomy":"post_tag","embeddable":true,"href":"https:\/\/agora.xtec.cat\/iesdelvoltreganes\/wp-json\/wp\/v2\/tags?post=6791"}],"curies":[{"name":"wp","href":"https:\/\/api.w.org\/{rel}","templated":true}]}}