{"id":6714,"date":"2024-06-10T18:41:57","date_gmt":"2024-06-10T16:41:57","guid":{"rendered":"https:\/\/agora.xtec.cat\/iesdelvoltreganes\/?p=6714"},"modified":"2024-06-24T18:43:46","modified_gmt":"2024-06-24T16:43:46","slug":"radio-voltrega","status":"publish","type":"post","link":"https:\/\/agora.xtec.cat\/iesdelvoltreganes\/general\/radio-voltrega\/","title":{"rendered":"R\u00e0dio Voltreg\u00e0"},"content":{"rendered":"<p>Els alumnes del RCS de l&#8217;\u00e0mbit comunicatiu hem tancat el curs amb un projecte que ens portava a R\u00e0dio Voltreg\u00e0 amb l&#8217;objectiu doble de descobrir una mica el m\u00f3n radiof\u00f2nic, aprenent la feina que hi ha darrere d&#8217;un petit programa d&#8217;entrevistes i el de prendre contacte amb quatre companyies que participen a l&#8217;Artot d&#8217;aquest estiu per mostrar-les als oients i animar a tothom a seguir-los en viu i en directe.<\/p>\n<p><a href=\"https:\/\/agora.xtec.cat\/iesdelvoltreganes\/wp-content\/uploads\/usu618\/2024\/06\/IMG-20240607-WA0011.jpg\"><img loading=\"lazy\" decoding=\"async\" class=\"size-medium wp-image-6715 aligncenter\" src=\"https:\/\/agora.xtec.cat\/iesdelvoltreganes\/wp-content\/uploads\/usu618\/2024\/06\/IMG-20240607-WA0011-300x225.jpg\" alt=\"\" width=\"300\" height=\"225\" srcset=\"https:\/\/agora.xtec.cat\/iesdelvoltreganes\/wp-content\/uploads\/usu618\/2024\/06\/IMG-20240607-WA0011-300x225.jpg 300w, https:\/\/agora.xtec.cat\/iesdelvoltreganes\/wp-content\/uploads\/usu618\/2024\/06\/IMG-20240607-WA0011-1024x768.jpg 1024w, https:\/\/agora.xtec.cat\/iesdelvoltreganes\/wp-content\/uploads\/usu618\/2024\/06\/IMG-20240607-WA0011-768x576.jpg 768w, https:\/\/agora.xtec.cat\/iesdelvoltreganes\/wp-content\/uploads\/usu618\/2024\/06\/IMG-20240607-WA0011-1536x1152.jpg 1536w, https:\/\/agora.xtec.cat\/iesdelvoltreganes\/wp-content\/uploads\/usu618\/2024\/06\/IMG-20240607-WA0011-200x150.jpg 200w, https:\/\/agora.xtec.cat\/iesdelvoltreganes\/wp-content\/uploads\/usu618\/2024\/06\/IMG-20240607-WA0011.jpg 1600w\" sizes=\"auto, (max-width: 300px) 100vw, 300px\" \/><\/a><\/p>\n","protected":false},"excerpt":{"rendered":"<p>Els alumnes del RCS de l&#8217;\u00e0mbit comunicatiu hem tancat el curs amb un projecte que ens portava a R\u00e0dio Voltreg\u00e0 amb l&#8217;objectiu doble de descobrir una mica el m\u00f3n radiof\u00f2nic, aprenent la feina que hi ha darrere d&#8217;un petit programa d&#8217;entrevistes i el de prendre&hellip;  <a href=\"https:\/\/agora.xtec.cat\/iesdelvoltreganes\/general\/radio-voltrega\/\" title=\"Read R\u00e0dio Voltreg\u00e0\">Llegeix m\u00e9s\u00bb<\/a><\/p>\n","protected":false},"author":6,"featured_media":0,"comment_status":"closed","ping_status":"closed","sticky":false,"template":"","format":"standard","meta":{"_bbp_topic_count":0,"_bbp_reply_count":0,"_bbp_total_topic_count":0,"_bbp_total_reply_count":0,"_bbp_voice_count":0,"_bbp_anonymous_reply_count":0,"_bbp_topic_count_hidden":0,"_bbp_reply_count_hidden":0,"_bbp_forum_subforum_count":0,"footnotes":""},"categories":[7,1,29],"tags":[],"class_list":["post-6714","post","type-post","status-publish","format-standard","hentry","category-eso-4","category-general","category-portada"],"post_mailing_queue_ids":[],"_links":{"self":[{"href":"https:\/\/agora.xtec.cat\/iesdelvoltreganes\/wp-json\/wp\/v2\/posts\/6714","targetHints":{"allow":["GET"]}}],"collection":[{"href":"https:\/\/agora.xtec.cat\/iesdelvoltreganes\/wp-json\/wp\/v2\/posts"}],"about":[{"href":"https:\/\/agora.xtec.cat\/iesdelvoltreganes\/wp-json\/wp\/v2\/types\/post"}],"author":[{"embeddable":true,"href":"https:\/\/agora.xtec.cat\/iesdelvoltreganes\/wp-json\/wp\/v2\/users\/6"}],"replies":[{"embeddable":true,"href":"https:\/\/agora.xtec.cat\/iesdelvoltreganes\/wp-json\/wp\/v2\/comments?post=6714"}],"version-history":[{"count":1,"href":"https:\/\/agora.xtec.cat\/iesdelvoltreganes\/wp-json\/wp\/v2\/posts\/6714\/revisions"}],"predecessor-version":[{"id":6716,"href":"https:\/\/agora.xtec.cat\/iesdelvoltreganes\/wp-json\/wp\/v2\/posts\/6714\/revisions\/6716"}],"wp:attachment":[{"href":"https:\/\/agora.xtec.cat\/iesdelvoltreganes\/wp-json\/wp\/v2\/media?parent=6714"}],"wp:term":[{"taxonomy":"category","embeddable":true,"href":"https:\/\/agora.xtec.cat\/iesdelvoltreganes\/wp-json\/wp\/v2\/categories?post=6714"},{"taxonomy":"post_tag","embeddable":true,"href":"https:\/\/agora.xtec.cat\/iesdelvoltreganes\/wp-json\/wp\/v2\/tags?post=6714"}],"curies":[{"name":"wp","href":"https:\/\/api.w.org\/{rel}","templated":true}]}}