{"id":6693,"date":"2024-06-13T13:29:12","date_gmt":"2024-06-13T11:29:12","guid":{"rendered":"https:\/\/agora.xtec.cat\/iesdelvoltreganes\/?p=6693"},"modified":"2024-06-13T13:35:57","modified_gmt":"2024-06-13T11:35:57","slug":"cotxe-robot","status":"publish","type":"post","link":"https:\/\/agora.xtec.cat\/iesdelvoltreganes\/general\/cotxe-robot\/","title":{"rendered":"Cotxe robot"},"content":{"rendered":"<p>Les rodes i el xass\u00eds del cotxe els han dissenyat amb el programa SketchUp, per\u00f2 hem tingut problemes amb la impressora 3D. Al final el xass\u00eds s&#8217;ha fet amb fusta contraplacada i hem fet servir rodes que ja ten\u00edem. A sobre del xass\u00eds s\u2019hi ha col\u00b7locat la placa Arduino i una protoboard amb tot el cablejat. A sota del xass\u00eds s\u2019hi han col\u00b7locat la pila de 9 V i els motors, ja que per espai i est\u00e8tica era millor. El cotxe funciona amb un de comandament a dist\u00e0ncia. Les plaques estan repartides en l\u2019estructura del xass\u00eds per igualar el pes.<\/p>\n<p><a href=\"https:\/\/photos.app.goo.gl\/jLVMeP3qs5tKrYxa7\" target=\"_blank\" rel=\"noopener\"><img loading=\"lazy\" decoding=\"async\" class=\"aligncenter wp-image-6694 size-medium\" src=\"https:\/\/agora.xtec.cat\/iesdelvoltreganes\/wp-content\/uploads\/usu618\/2024\/06\/IMG_20240603_085050-225x300.jpg\" alt=\"\" width=\"225\" height=\"300\" srcset=\"https:\/\/agora.xtec.cat\/iesdelvoltreganes\/wp-content\/uploads\/usu618\/2024\/06\/IMG_20240603_085050-225x300.jpg 225w, https:\/\/agora.xtec.cat\/iesdelvoltreganes\/wp-content\/uploads\/usu618\/2024\/06\/IMG_20240603_085050-768x1024.jpg 768w, https:\/\/agora.xtec.cat\/iesdelvoltreganes\/wp-content\/uploads\/usu618\/2024\/06\/IMG_20240603_085050-1152x1536.jpg 1152w, https:\/\/agora.xtec.cat\/iesdelvoltreganes\/wp-content\/uploads\/usu618\/2024\/06\/IMG_20240603_085050-1536x2048.jpg 1536w, https:\/\/agora.xtec.cat\/iesdelvoltreganes\/wp-content\/uploads\/usu618\/2024\/06\/IMG_20240603_085050-scaled.jpg 1920w\" sizes=\"auto, (max-width: 225px) 100vw, 225px\" \/><\/a><\/p>\n","protected":false},"excerpt":{"rendered":"<p>Les rodes i el xass\u00eds del cotxe els han dissenyat amb el programa SketchUp, per\u00f2 hem tingut problemes amb la impressora 3D. Al final el xass\u00eds s&#8217;ha fet amb fusta contraplacada i hem fet servir rodes que ja ten\u00edem. A sobre del xass\u00eds s\u2019hi ha&hellip;  <a href=\"https:\/\/agora.xtec.cat\/iesdelvoltreganes\/general\/cotxe-robot\/\" title=\"Read Cotxe robot\">Llegeix m\u00e9s\u00bb<\/a><\/p>\n","protected":false},"author":6,"featured_media":0,"comment_status":"closed","ping_status":"closed","sticky":false,"template":"","format":"standard","meta":{"_bbp_topic_count":0,"_bbp_reply_count":0,"_bbp_total_topic_count":0,"_bbp_total_reply_count":0,"_bbp_voice_count":0,"_bbp_anonymous_reply_count":0,"_bbp_topic_count_hidden":0,"_bbp_reply_count_hidden":0,"_bbp_forum_subforum_count":0,"footnotes":""},"categories":[7,1,155,64],"tags":[],"class_list":["post-6693","post","type-post","status-publish","format-standard","hentry","category-eso-4","category-general","category-robotica","category-tecnologia"],"post_mailing_queue_ids":[],"_links":{"self":[{"href":"https:\/\/agora.xtec.cat\/iesdelvoltreganes\/wp-json\/wp\/v2\/posts\/6693","targetHints":{"allow":["GET"]}}],"collection":[{"href":"https:\/\/agora.xtec.cat\/iesdelvoltreganes\/wp-json\/wp\/v2\/posts"}],"about":[{"href":"https:\/\/agora.xtec.cat\/iesdelvoltreganes\/wp-json\/wp\/v2\/types\/post"}],"author":[{"embeddable":true,"href":"https:\/\/agora.xtec.cat\/iesdelvoltreganes\/wp-json\/wp\/v2\/users\/6"}],"replies":[{"embeddable":true,"href":"https:\/\/agora.xtec.cat\/iesdelvoltreganes\/wp-json\/wp\/v2\/comments?post=6693"}],"version-history":[{"count":1,"href":"https:\/\/agora.xtec.cat\/iesdelvoltreganes\/wp-json\/wp\/v2\/posts\/6693\/revisions"}],"predecessor-version":[{"id":6695,"href":"https:\/\/agora.xtec.cat\/iesdelvoltreganes\/wp-json\/wp\/v2\/posts\/6693\/revisions\/6695"}],"wp:attachment":[{"href":"https:\/\/agora.xtec.cat\/iesdelvoltreganes\/wp-json\/wp\/v2\/media?parent=6693"}],"wp:term":[{"taxonomy":"category","embeddable":true,"href":"https:\/\/agora.xtec.cat\/iesdelvoltreganes\/wp-json\/wp\/v2\/categories?post=6693"},{"taxonomy":"post_tag","embeddable":true,"href":"https:\/\/agora.xtec.cat\/iesdelvoltreganes\/wp-json\/wp\/v2\/tags?post=6693"}],"curies":[{"name":"wp","href":"https:\/\/api.w.org\/{rel}","templated":true}]}}