{"id":6687,"date":"2024-06-12T09:47:30","date_gmt":"2024-06-12T07:47:30","guid":{"rendered":"https:\/\/agora.xtec.cat\/iesdelvoltreganes\/?p=6687"},"modified":"2024-06-12T09:49:53","modified_gmt":"2024-06-12T07:49:53","slug":"viatge-a-mallorca","status":"publish","type":"post","link":"https:\/\/agora.xtec.cat\/iesdelvoltreganes\/general\/viatge-a-mallorca\/","title":{"rendered":"Viatge a Mallorca"},"content":{"rendered":"<p>Hem visitat Palma i hem conegut el casc antic, la seva figura liter\u00e0ria m\u00e9s emblem\u00e0tica Ramon Llull i el rei que va conquerir l&#8217;illa a l&#8217;edat mitjana Jaume I.<\/p>\n<p><a href=\"https:\/\/photos.app.goo.gl\/d4CkiMRECXZ8DEZb9\" target=\"_blank\" rel=\"noopener\"><img loading=\"lazy\" decoding=\"async\" class=\"aligncenter wp-image-6688 size-medium\" src=\"https:\/\/agora.xtec.cat\/iesdelvoltreganes\/wp-content\/uploads\/usu618\/2024\/06\/IMG_20240611_181937_911-300x225.webp\" alt=\"\" width=\"300\" height=\"225\" srcset=\"https:\/\/agora.xtec.cat\/iesdelvoltreganes\/wp-content\/uploads\/usu618\/2024\/06\/IMG_20240611_181937_911-300x225.webp 300w, https:\/\/agora.xtec.cat\/iesdelvoltreganes\/wp-content\/uploads\/usu618\/2024\/06\/IMG_20240611_181937_911-1024x768.webp 1024w, https:\/\/agora.xtec.cat\/iesdelvoltreganes\/wp-content\/uploads\/usu618\/2024\/06\/IMG_20240611_181937_911-768x576.webp 768w, https:\/\/agora.xtec.cat\/iesdelvoltreganes\/wp-content\/uploads\/usu618\/2024\/06\/IMG_20240611_181937_911-200x150.webp 200w, https:\/\/agora.xtec.cat\/iesdelvoltreganes\/wp-content\/uploads\/usu618\/2024\/06\/IMG_20240611_181937_911.webp 1080w\" sizes=\"auto, (max-width: 300px) 100vw, 300px\" \/><\/a><\/p>\n","protected":false},"excerpt":{"rendered":"<p>Hem visitat Palma i hem conegut el casc antic, la seva figura liter\u00e0ria m\u00e9s emblem\u00e0tica Ramon Llull i el rei que va conquerir l&#8217;illa a l&#8217;edat mitjana Jaume I.<br \/>\n<a href=\"https:\/\/photos.app.goo.gl\/d4CkiMRECXZ8DEZb9\" target=\"_blank\" rel=\"noopener\"><\/a><\/p>\n","protected":false},"author":6,"featured_media":0,"comment_status":"closed","ping_status":"closed","sticky":false,"template":"","format":"standard","meta":{"_bbp_topic_count":0,"_bbp_reply_count":0,"_bbp_total_topic_count":0,"_bbp_total_reply_count":0,"_bbp_voice_count":0,"_bbp_anonymous_reply_count":0,"_bbp_topic_count_hidden":0,"_bbp_reply_count_hidden":0,"_bbp_forum_subforum_count":0,"footnotes":""},"categories":[6,1,29],"tags":[39],"class_list":["post-6687","post","type-post","status-publish","format-standard","hentry","category-eso-3","category-general","category-portada","tag-sortides"],"post_mailing_queue_ids":[],"_links":{"self":[{"href":"https:\/\/agora.xtec.cat\/iesdelvoltreganes\/wp-json\/wp\/v2\/posts\/6687","targetHints":{"allow":["GET"]}}],"collection":[{"href":"https:\/\/agora.xtec.cat\/iesdelvoltreganes\/wp-json\/wp\/v2\/posts"}],"about":[{"href":"https:\/\/agora.xtec.cat\/iesdelvoltreganes\/wp-json\/wp\/v2\/types\/post"}],"author":[{"embeddable":true,"href":"https:\/\/agora.xtec.cat\/iesdelvoltreganes\/wp-json\/wp\/v2\/users\/6"}],"replies":[{"embeddable":true,"href":"https:\/\/agora.xtec.cat\/iesdelvoltreganes\/wp-json\/wp\/v2\/comments?post=6687"}],"version-history":[{"count":2,"href":"https:\/\/agora.xtec.cat\/iesdelvoltreganes\/wp-json\/wp\/v2\/posts\/6687\/revisions"}],"predecessor-version":[{"id":6690,"href":"https:\/\/agora.xtec.cat\/iesdelvoltreganes\/wp-json\/wp\/v2\/posts\/6687\/revisions\/6690"}],"wp:attachment":[{"href":"https:\/\/agora.xtec.cat\/iesdelvoltreganes\/wp-json\/wp\/v2\/media?parent=6687"}],"wp:term":[{"taxonomy":"category","embeddable":true,"href":"https:\/\/agora.xtec.cat\/iesdelvoltreganes\/wp-json\/wp\/v2\/categories?post=6687"},{"taxonomy":"post_tag","embeddable":true,"href":"https:\/\/agora.xtec.cat\/iesdelvoltreganes\/wp-json\/wp\/v2\/tags?post=6687"}],"curies":[{"name":"wp","href":"https:\/\/api.w.org\/{rel}","templated":true}]}}