{"id":6677,"date":"2024-06-07T12:11:45","date_gmt":"2024-06-07T10:11:45","guid":{"rendered":"https:\/\/agora.xtec.cat\/iesdelvoltreganes\/?p=6677"},"modified":"2024-06-07T12:12:16","modified_gmt":"2024-06-07T10:12:16","slug":"projecte-etwinning-en-alemany","status":"publish","type":"post","link":"https:\/\/agora.xtec.cat\/iesdelvoltreganes\/general\/projecte-etwinning-en-alemany\/","title":{"rendered":"Projecte Etwinning en alemany"},"content":{"rendered":"<p>Ja hem acabat el projecte Etwinning que ha durat tot l&#8217;any. Hi hem participat cinc instituts de Turquia, It\u00e0lia, Pol\u00f2nia i Catalunya. El que tenim en com\u00fa \u00e9s que, en tots, el nostre alumnat apr\u00e8n la llengua alemanya. El projecte pret\u00e9n donar \u00fas a la llengua alemanya que aprenem a l&#8217;aula d&#8217;una manera diferent i veure que pot ser \u00fatil per a comunicar-se.<\/p>\n<p>Vam comen\u00e7ar creant un logo entre tots, despr\u00e9s ens vam enviar cartes per correu postal d&#8217;un pa\u00eds a l&#8217;altre, vam comparar com celebr\u00e0vem el Nadal a cada lloc. Despr\u00e9s vam presentar com era el nostre pa\u00eds i vam fer un concurs per veure qui sabia m\u00e9s de tots els pa\u00efsos. Vam seguir fent v\u00eddeos de les nostres escoles i finalment hem creat un diccionari visual en alemany entre tots.<\/p>\n<p>Ha sigut una experi\u00e8ncia molt enriquidora que ajuda a internacionalitzar una mica el nostre centre. Al final hem distingit a cinc alumnes amb un diploma per les seves bones pr\u00e0ctiques durant tot el projecte. Noies i nois que feu alemany a 2n i 3r d&#8217;ESO moltes gr\u00e0cies per mostrar-vos tan actius i actives. Ho heu fet genial!<\/p>\n<p><a href=\"https:\/\/agora.xtec.cat\/iesdelvoltreganes\/wp-content\/uploads\/usu618\/2024\/06\/WhatsApp-Image-2024-06-07-at-11.50.03.jpeg\"><img loading=\"lazy\" decoding=\"async\" class=\"size-medium wp-image-6679 aligncenter\" src=\"https:\/\/agora.xtec.cat\/iesdelvoltreganes\/wp-content\/uploads\/usu618\/2024\/06\/WhatsApp-Image-2024-06-07-at-11.50.03-300x226.jpeg\" alt=\"\" width=\"300\" height=\"226\" srcset=\"https:\/\/agora.xtec.cat\/iesdelvoltreganes\/wp-content\/uploads\/usu618\/2024\/06\/WhatsApp-Image-2024-06-07-at-11.50.03-300x226.jpeg 300w, https:\/\/agora.xtec.cat\/iesdelvoltreganes\/wp-content\/uploads\/usu618\/2024\/06\/WhatsApp-Image-2024-06-07-at-11.50.03-1024x771.jpeg 1024w, https:\/\/agora.xtec.cat\/iesdelvoltreganes\/wp-content\/uploads\/usu618\/2024\/06\/WhatsApp-Image-2024-06-07-at-11.50.03-768x578.jpeg 768w, https:\/\/agora.xtec.cat\/iesdelvoltreganes\/wp-content\/uploads\/usu618\/2024\/06\/WhatsApp-Image-2024-06-07-at-11.50.03-1536x1156.jpeg 1536w, https:\/\/agora.xtec.cat\/iesdelvoltreganes\/wp-content\/uploads\/usu618\/2024\/06\/WhatsApp-Image-2024-06-07-at-11.50.03-200x150.jpeg 200w, https:\/\/agora.xtec.cat\/iesdelvoltreganes\/wp-content\/uploads\/usu618\/2024\/06\/WhatsApp-Image-2024-06-07-at-11.50.03.jpeg 1600w\" sizes=\"auto, (max-width: 300px) 100vw, 300px\" \/><\/a><\/p>\n","protected":false},"excerpt":{"rendered":"<p>Ja hem acabat el projecte Etwinning que ha durat tot l&#8217;any. Hi hem participat cinc instituts de Turquia, It\u00e0lia, Pol\u00f2nia i Catalunya. El que tenim en com\u00fa \u00e9s que, en tots, el nostre alumnat apr\u00e8n la llengua alemanya. El projecte pret\u00e9n donar \u00fas a la&hellip;  <a href=\"https:\/\/agora.xtec.cat\/iesdelvoltreganes\/general\/projecte-etwinning-en-alemany\/\" title=\"Read Projecte Etwinning en alemany\">Llegeix m\u00e9s\u00bb<\/a><\/p>\n","protected":false},"author":6,"featured_media":0,"comment_status":"closed","ping_status":"closed","sticky":false,"template":"","format":"standard","meta":{"_bbp_topic_count":0,"_bbp_reply_count":0,"_bbp_total_topic_count":0,"_bbp_total_reply_count":0,"_bbp_voice_count":0,"_bbp_anonymous_reply_count":0,"_bbp_topic_count_hidden":0,"_bbp_reply_count_hidden":0,"_bbp_forum_subforum_count":0,"footnotes":""},"categories":[5,6,1,71,29],"tags":[],"class_list":["post-6677","post","type-post","status-publish","format-standard","hentry","category-eso-2","category-eso-3","category-general","category-llengues-estrangeres","category-portada"],"post_mailing_queue_ids":[],"_links":{"self":[{"href":"https:\/\/agora.xtec.cat\/iesdelvoltreganes\/wp-json\/wp\/v2\/posts\/6677","targetHints":{"allow":["GET"]}}],"collection":[{"href":"https:\/\/agora.xtec.cat\/iesdelvoltreganes\/wp-json\/wp\/v2\/posts"}],"about":[{"href":"https:\/\/agora.xtec.cat\/iesdelvoltreganes\/wp-json\/wp\/v2\/types\/post"}],"author":[{"embeddable":true,"href":"https:\/\/agora.xtec.cat\/iesdelvoltreganes\/wp-json\/wp\/v2\/users\/6"}],"replies":[{"embeddable":true,"href":"https:\/\/agora.xtec.cat\/iesdelvoltreganes\/wp-json\/wp\/v2\/comments?post=6677"}],"version-history":[{"count":1,"href":"https:\/\/agora.xtec.cat\/iesdelvoltreganes\/wp-json\/wp\/v2\/posts\/6677\/revisions"}],"predecessor-version":[{"id":6680,"href":"https:\/\/agora.xtec.cat\/iesdelvoltreganes\/wp-json\/wp\/v2\/posts\/6677\/revisions\/6680"}],"wp:attachment":[{"href":"https:\/\/agora.xtec.cat\/iesdelvoltreganes\/wp-json\/wp\/v2\/media?parent=6677"}],"wp:term":[{"taxonomy":"category","embeddable":true,"href":"https:\/\/agora.xtec.cat\/iesdelvoltreganes\/wp-json\/wp\/v2\/categories?post=6677"},{"taxonomy":"post_tag","embeddable":true,"href":"https:\/\/agora.xtec.cat\/iesdelvoltreganes\/wp-json\/wp\/v2\/tags?post=6677"}],"curies":[{"name":"wp","href":"https:\/\/api.w.org\/{rel}","templated":true}]}}