{"id":6638,"date":"2024-05-28T12:31:14","date_gmt":"2024-05-28T10:31:14","guid":{"rendered":"https:\/\/agora.xtec.cat\/iesdelvoltreganes\/?p=6638"},"modified":"2024-05-28T19:10:43","modified_gmt":"2024-05-28T17:10:43","slug":"movie-nithg-literaria","status":"publish","type":"post","link":"https:\/\/agora.xtec.cat\/iesdelvoltreganes\/general\/movie-nithg-literaria\/","title":{"rendered":"Movie Night liter\u00e0ria"},"content":{"rendered":"<p>Dilluns al vespre es va fer la 1a Movie Night liter\u00e0ria. L&#8217;alumnat de 3r d&#8217;ESO, despr\u00e9s de llegir la novel\u00b7la <em>Juno<\/em>, ha teatralitzat i gravat uns v\u00eddeos adaptant-ne la hist\u00f2ria. Aquests curtmetratges s\u00f3n la prova que tenim grans actors i actrius entre el nostre alumnat.<br \/>\nHem convidat a l&#8217;acte l&#8217;escriptora Laia Aguilar, que ens ha explicat els seus futurs projectes i sobretot ha felicitat els actors en acabar la projecci\u00f3.<\/p>\n<p><a href=\"https:\/\/agora.xtec.cat\/iesdelvoltreganes\/wp-content\/uploads\/usu618\/2024\/05\/IMG_20240527_203922-scaled.jpg\"><img loading=\"lazy\" decoding=\"async\" class=\"size-medium wp-image-6639 aligncenter\" src=\"https:\/\/agora.xtec.cat\/iesdelvoltreganes\/wp-content\/uploads\/usu618\/2024\/05\/IMG_20240527_203922-300x226.jpg\" alt=\"\" width=\"300\" height=\"226\" srcset=\"https:\/\/agora.xtec.cat\/iesdelvoltreganes\/wp-content\/uploads\/usu618\/2024\/05\/IMG_20240527_203922-300x226.jpg 300w, https:\/\/agora.xtec.cat\/iesdelvoltreganes\/wp-content\/uploads\/usu618\/2024\/05\/IMG_20240527_203922-1024x771.jpg 1024w, https:\/\/agora.xtec.cat\/iesdelvoltreganes\/wp-content\/uploads\/usu618\/2024\/05\/IMG_20240527_203922-768x578.jpg 768w, https:\/\/agora.xtec.cat\/iesdelvoltreganes\/wp-content\/uploads\/usu618\/2024\/05\/IMG_20240527_203922-1536x1157.jpg 1536w, https:\/\/agora.xtec.cat\/iesdelvoltreganes\/wp-content\/uploads\/usu618\/2024\/05\/IMG_20240527_203922-2048x1542.jpg 2048w, https:\/\/agora.xtec.cat\/iesdelvoltreganes\/wp-content\/uploads\/usu618\/2024\/05\/IMG_20240527_203922-200x150.jpg 200w\" sizes=\"auto, (max-width: 300px) 100vw, 300px\" \/><\/a><\/p>\n<p><a href=\"https:\/\/agora.xtec.cat\/iesdelvoltreganes\/wp-content\/uploads\/usu618\/2024\/05\/IMG_20240527_204441-scaled.jpg\"><img loading=\"lazy\" decoding=\"async\" class=\"size-medium wp-image-6640 aligncenter\" src=\"https:\/\/agora.xtec.cat\/iesdelvoltreganes\/wp-content\/uploads\/usu618\/2024\/05\/IMG_20240527_204441-300x226.jpg\" alt=\"\" width=\"300\" height=\"226\" srcset=\"https:\/\/agora.xtec.cat\/iesdelvoltreganes\/wp-content\/uploads\/usu618\/2024\/05\/IMG_20240527_204441-300x226.jpg 300w, https:\/\/agora.xtec.cat\/iesdelvoltreganes\/wp-content\/uploads\/usu618\/2024\/05\/IMG_20240527_204441-1024x771.jpg 1024w, https:\/\/agora.xtec.cat\/iesdelvoltreganes\/wp-content\/uploads\/usu618\/2024\/05\/IMG_20240527_204441-768x578.jpg 768w, https:\/\/agora.xtec.cat\/iesdelvoltreganes\/wp-content\/uploads\/usu618\/2024\/05\/IMG_20240527_204441-1536x1157.jpg 1536w, https:\/\/agora.xtec.cat\/iesdelvoltreganes\/wp-content\/uploads\/usu618\/2024\/05\/IMG_20240527_204441-2048x1542.jpg 2048w, https:\/\/agora.xtec.cat\/iesdelvoltreganes\/wp-content\/uploads\/usu618\/2024\/05\/IMG_20240527_204441-200x150.jpg 200w\" sizes=\"auto, (max-width: 300px) 100vw, 300px\" \/><\/a><\/p>\n","protected":false},"excerpt":{"rendered":"<p>Dilluns al vespre es va fer la 1a Movie Night liter\u00e0ria. L&#8217;alumnat de 3r d&#8217;ESO, despr\u00e9s de llegir la novel\u00b7la Juno, ha teatralitzat i gravat uns v\u00eddeos adaptant-ne la hist\u00f2ria. Aquests curtmetratges s\u00f3n la prova que tenim grans actors i actrius entre el nostre alumnat.<br \/>\nHem&hellip;  <a href=\"https:\/\/agora.xtec.cat\/iesdelvoltreganes\/general\/movie-nithg-literaria\/\" title=\"Read Movie Night liter\u00e0ria\">Llegeix m\u00e9s\u00bb<\/a><\/p>\n","protected":false},"author":6,"featured_media":0,"comment_status":"closed","ping_status":"closed","sticky":false,"template":"","format":"standard","meta":{"_bbp_topic_count":0,"_bbp_reply_count":0,"_bbp_total_topic_count":0,"_bbp_total_reply_count":0,"_bbp_voice_count":0,"_bbp_anonymous_reply_count":0,"_bbp_topic_count_hidden":0,"_bbp_reply_count_hidden":0,"_bbp_forum_subforum_count":0,"footnotes":""},"categories":[6,1,72,29],"tags":[],"class_list":["post-6638","post","type-post","status-publish","format-standard","hentry","category-eso-3","category-general","category-llengues-i-literatura","category-portada"],"post_mailing_queue_ids":[],"_links":{"self":[{"href":"https:\/\/agora.xtec.cat\/iesdelvoltreganes\/wp-json\/wp\/v2\/posts\/6638","targetHints":{"allow":["GET"]}}],"collection":[{"href":"https:\/\/agora.xtec.cat\/iesdelvoltreganes\/wp-json\/wp\/v2\/posts"}],"about":[{"href":"https:\/\/agora.xtec.cat\/iesdelvoltreganes\/wp-json\/wp\/v2\/types\/post"}],"author":[{"embeddable":true,"href":"https:\/\/agora.xtec.cat\/iesdelvoltreganes\/wp-json\/wp\/v2\/users\/6"}],"replies":[{"embeddable":true,"href":"https:\/\/agora.xtec.cat\/iesdelvoltreganes\/wp-json\/wp\/v2\/comments?post=6638"}],"version-history":[{"count":6,"href":"https:\/\/agora.xtec.cat\/iesdelvoltreganes\/wp-json\/wp\/v2\/posts\/6638\/revisions"}],"predecessor-version":[{"id":6648,"href":"https:\/\/agora.xtec.cat\/iesdelvoltreganes\/wp-json\/wp\/v2\/posts\/6638\/revisions\/6648"}],"wp:attachment":[{"href":"https:\/\/agora.xtec.cat\/iesdelvoltreganes\/wp-json\/wp\/v2\/media?parent=6638"}],"wp:term":[{"taxonomy":"category","embeddable":true,"href":"https:\/\/agora.xtec.cat\/iesdelvoltreganes\/wp-json\/wp\/v2\/categories?post=6638"},{"taxonomy":"post_tag","embeddable":true,"href":"https:\/\/agora.xtec.cat\/iesdelvoltreganes\/wp-json\/wp\/v2\/tags?post=6638"}],"curies":[{"name":"wp","href":"https:\/\/api.w.org\/{rel}","templated":true}]}}