{"id":6610,"date":"2024-05-04T10:21:09","date_gmt":"2024-05-04T08:21:09","guid":{"rendered":"https:\/\/agora.xtec.cat\/iesdelvoltreganes\/?p=6610"},"modified":"2024-05-04T10:21:32","modified_gmt":"2024-05-04T08:21:32","slug":"confeccio-duna-peca-de-roba-a-lespai-ohana","status":"publish","type":"post","link":"https:\/\/agora.xtec.cat\/iesdelvoltreganes\/general\/confeccio-duna-peca-de-roba-a-lespai-ohana\/","title":{"rendered":"Confecci\u00f3 d&#8217;una pe\u00e7a de roba a l&#8217;espai Ohana"},"content":{"rendered":"<p>Iniciem la confecci\u00f3 d&#8217;una pe\u00e7a de roba a l&#8217;espai Ohana com a producte del projecte de Recerca, Creaci\u00f3 i Servei. Aqu\u00ed en teniu els primers resultats. Agra\u00efm la paci\u00e8ncia a la Heidi. Molts alumnes no han cosit mai!<\/p>\n<p><a href=\"https:\/\/agora.xtec.cat\/iesdelvoltreganes\/wp-content\/uploads\/usu618\/2024\/05\/IMG_1703.jpeg\"><img loading=\"lazy\" decoding=\"async\" class=\"size-medium wp-image-6611 aligncenter\" src=\"https:\/\/agora.xtec.cat\/iesdelvoltreganes\/wp-content\/uploads\/usu618\/2024\/05\/IMG_1703-300x225.jpeg\" alt=\"\" width=\"300\" height=\"225\" srcset=\"https:\/\/agora.xtec.cat\/iesdelvoltreganes\/wp-content\/uploads\/usu618\/2024\/05\/IMG_1703-300x225.jpeg 300w, https:\/\/agora.xtec.cat\/iesdelvoltreganes\/wp-content\/uploads\/usu618\/2024\/05\/IMG_1703-1024x768.jpeg 1024w, https:\/\/agora.xtec.cat\/iesdelvoltreganes\/wp-content\/uploads\/usu618\/2024\/05\/IMG_1703-768x576.jpeg 768w, https:\/\/agora.xtec.cat\/iesdelvoltreganes\/wp-content\/uploads\/usu618\/2024\/05\/IMG_1703-1536x1152.jpeg 1536w, https:\/\/agora.xtec.cat\/iesdelvoltreganes\/wp-content\/uploads\/usu618\/2024\/05\/IMG_1703-200x150.jpeg 200w, https:\/\/agora.xtec.cat\/iesdelvoltreganes\/wp-content\/uploads\/usu618\/2024\/05\/IMG_1703.jpeg 2016w\" sizes=\"auto, (max-width: 300px) 100vw, 300px\" \/><\/a><\/p>\n<p><a href=\"https:\/\/agora.xtec.cat\/iesdelvoltreganes\/wp-content\/uploads\/usu618\/2024\/05\/IMG_1704.jpeg\"><img loading=\"lazy\" decoding=\"async\" class=\"size-medium wp-image-6612 aligncenter\" src=\"https:\/\/agora.xtec.cat\/iesdelvoltreganes\/wp-content\/uploads\/usu618\/2024\/05\/IMG_1704-225x300.jpeg\" alt=\"\" width=\"225\" height=\"300\" srcset=\"https:\/\/agora.xtec.cat\/iesdelvoltreganes\/wp-content\/uploads\/usu618\/2024\/05\/IMG_1704-225x300.jpeg 225w, https:\/\/agora.xtec.cat\/iesdelvoltreganes\/wp-content\/uploads\/usu618\/2024\/05\/IMG_1704-768x1024.jpeg 768w, https:\/\/agora.xtec.cat\/iesdelvoltreganes\/wp-content\/uploads\/usu618\/2024\/05\/IMG_1704-1152x1536.jpeg 1152w, https:\/\/agora.xtec.cat\/iesdelvoltreganes\/wp-content\/uploads\/usu618\/2024\/05\/IMG_1704.jpeg 1512w\" sizes=\"auto, (max-width: 225px) 100vw, 225px\" \/><\/a><\/p>\n<p><a href=\"https:\/\/agora.xtec.cat\/iesdelvoltreganes\/wp-content\/uploads\/usu618\/2024\/05\/IMG_1707.jpg\"><img loading=\"lazy\" decoding=\"async\" class=\"size-medium wp-image-6613 aligncenter\" src=\"https:\/\/agora.xtec.cat\/iesdelvoltreganes\/wp-content\/uploads\/usu618\/2024\/05\/IMG_1707-300x225.jpg\" alt=\"\" width=\"300\" height=\"225\" srcset=\"https:\/\/agora.xtec.cat\/iesdelvoltreganes\/wp-content\/uploads\/usu618\/2024\/05\/IMG_1707-300x225.jpg 300w, https:\/\/agora.xtec.cat\/iesdelvoltreganes\/wp-content\/uploads\/usu618\/2024\/05\/IMG_1707-1024x768.jpg 1024w, https:\/\/agora.xtec.cat\/iesdelvoltreganes\/wp-content\/uploads\/usu618\/2024\/05\/IMG_1707-768x576.jpg 768w, https:\/\/agora.xtec.cat\/iesdelvoltreganes\/wp-content\/uploads\/usu618\/2024\/05\/IMG_1707-1536x1152.jpg 1536w, https:\/\/agora.xtec.cat\/iesdelvoltreganes\/wp-content\/uploads\/usu618\/2024\/05\/IMG_1707-200x150.jpg 200w, https:\/\/agora.xtec.cat\/iesdelvoltreganes\/wp-content\/uploads\/usu618\/2024\/05\/IMG_1707.jpg 2016w\" sizes=\"auto, (max-width: 300px) 100vw, 300px\" \/><\/a><\/p>\n","protected":false},"excerpt":{"rendered":"<p>Iniciem la confecci\u00f3 d&#8217;una pe\u00e7a de roba a l&#8217;espai Ohana com a producte del projecte de Recerca, Creaci\u00f3 i Servei. Aqu\u00ed en teniu els primers resultats. Agra\u00efm la paci\u00e8ncia a la Heidi. Molts alumnes no han cosit mai!<br \/>\n<a href=\"https:\/\/agora.xtec.cat\/iesdelvoltreganes\/wp-content\/uploads\/usu618\/2024\/05\/IMG_1703.jpeg\"><\/a><br \/>\n<a href=\"https:\/\/agora.xtec.cat\/iesdelvoltreganes\/wp-content\/uploads\/usu618\/2024\/05\/IMG_1704.jpeg\"><\/a><br \/>\n<a href=\"https:\/\/agora.xtec.cat\/iesdelvoltreganes\/wp-content\/uploads\/usu618\/2024\/05\/IMG_1707.jpg\"><\/a><\/p>\n","protected":false},"author":6,"featured_media":0,"comment_status":"closed","ping_status":"closed","sticky":false,"template":"","format":"standard","meta":{"_bbp_topic_count":0,"_bbp_reply_count":0,"_bbp_total_topic_count":0,"_bbp_total_reply_count":0,"_bbp_voice_count":0,"_bbp_anonymous_reply_count":0,"_bbp_topic_count_hidden":0,"_bbp_reply_count_hidden":0,"_bbp_forum_subforum_count":0,"footnotes":""},"categories":[1,29],"tags":[87],"class_list":["post-6610","post","type-post","status-publish","format-standard","hentry","category-general","category-portada","tag-projectes"],"post_mailing_queue_ids":[],"_links":{"self":[{"href":"https:\/\/agora.xtec.cat\/iesdelvoltreganes\/wp-json\/wp\/v2\/posts\/6610","targetHints":{"allow":["GET"]}}],"collection":[{"href":"https:\/\/agora.xtec.cat\/iesdelvoltreganes\/wp-json\/wp\/v2\/posts"}],"about":[{"href":"https:\/\/agora.xtec.cat\/iesdelvoltreganes\/wp-json\/wp\/v2\/types\/post"}],"author":[{"embeddable":true,"href":"https:\/\/agora.xtec.cat\/iesdelvoltreganes\/wp-json\/wp\/v2\/users\/6"}],"replies":[{"embeddable":true,"href":"https:\/\/agora.xtec.cat\/iesdelvoltreganes\/wp-json\/wp\/v2\/comments?post=6610"}],"version-history":[{"count":1,"href":"https:\/\/agora.xtec.cat\/iesdelvoltreganes\/wp-json\/wp\/v2\/posts\/6610\/revisions"}],"predecessor-version":[{"id":6614,"href":"https:\/\/agora.xtec.cat\/iesdelvoltreganes\/wp-json\/wp\/v2\/posts\/6610\/revisions\/6614"}],"wp:attachment":[{"href":"https:\/\/agora.xtec.cat\/iesdelvoltreganes\/wp-json\/wp\/v2\/media?parent=6610"}],"wp:term":[{"taxonomy":"category","embeddable":true,"href":"https:\/\/agora.xtec.cat\/iesdelvoltreganes\/wp-json\/wp\/v2\/categories?post=6610"},{"taxonomy":"post_tag","embeddable":true,"href":"https:\/\/agora.xtec.cat\/iesdelvoltreganes\/wp-json\/wp\/v2\/tags?post=6610"}],"curies":[{"name":"wp","href":"https:\/\/api.w.org\/{rel}","templated":true}]}}