{"id":6605,"date":"2024-05-04T10:16:42","date_gmt":"2024-05-04T08:16:42","guid":{"rendered":"https:\/\/agora.xtec.cat\/iesdelvoltreganes\/?p=6605"},"modified":"2024-05-04T10:16:42","modified_gmt":"2024-05-04T08:16:42","slug":"tot-el-que-passara-a-partir-dara","status":"publish","type":"post","link":"https:\/\/agora.xtec.cat\/iesdelvoltreganes\/general\/tot-el-que-passara-a-partir-dara\/","title":{"rendered":"Tot el que passar\u00e0 a partir d&#8217;ara"},"content":{"rendered":"<p>Setmana de nervis per als alumnes de l&#8217;extraescolar de teatre de l&#8217;Institut del Voltregan\u00e8s. Van representar l&#8217;obra &#8220;Tot el que passar\u00e0 a partir d&#8217;ara&#8221; al teatre de Sant Hip\u00f2lit. Enhorabona als artistes, van fer una feina excel\u00b7lent. Volem agrair als Ajuntaments de Sant Hip\u00f2lit i de les Masies de Voltreg\u00e0 per fer-ho possible i especialment a director i professor Dobrin Plamenov.<\/p>\n<p><a href=\"https:\/\/agora.xtec.cat\/iesdelvoltreganes\/wp-content\/uploads\/usu618\/2024\/05\/WhatsApp-Image-2024-05-03-at-10.35.27-2.jpeg\"><img loading=\"lazy\" decoding=\"async\" class=\"alignnone size-medium wp-image-6606\" src=\"https:\/\/agora.xtec.cat\/iesdelvoltreganes\/wp-content\/uploads\/usu618\/2024\/05\/WhatsApp-Image-2024-05-03-at-10.35.27-2-300x225.jpeg\" alt=\"\" width=\"300\" height=\"225\" srcset=\"https:\/\/agora.xtec.cat\/iesdelvoltreganes\/wp-content\/uploads\/usu618\/2024\/05\/WhatsApp-Image-2024-05-03-at-10.35.27-2-300x225.jpeg 300w, https:\/\/agora.xtec.cat\/iesdelvoltreganes\/wp-content\/uploads\/usu618\/2024\/05\/WhatsApp-Image-2024-05-03-at-10.35.27-2-1024x768.jpeg 1024w, https:\/\/agora.xtec.cat\/iesdelvoltreganes\/wp-content\/uploads\/usu618\/2024\/05\/WhatsApp-Image-2024-05-03-at-10.35.27-2-768x576.jpeg 768w, https:\/\/agora.xtec.cat\/iesdelvoltreganes\/wp-content\/uploads\/usu618\/2024\/05\/WhatsApp-Image-2024-05-03-at-10.35.27-2-1536x1152.jpeg 1536w, https:\/\/agora.xtec.cat\/iesdelvoltreganes\/wp-content\/uploads\/usu618\/2024\/05\/WhatsApp-Image-2024-05-03-at-10.35.27-2-200x150.jpeg 200w, https:\/\/agora.xtec.cat\/iesdelvoltreganes\/wp-content\/uploads\/usu618\/2024\/05\/WhatsApp-Image-2024-05-03-at-10.35.27-2.jpeg 2048w\" sizes=\"auto, (max-width: 300px) 100vw, 300px\" \/><\/a><\/p>\n<p><a href=\"https:\/\/agora.xtec.cat\/iesdelvoltreganes\/wp-content\/uploads\/usu618\/2024\/05\/WhatsApp-Image-2024-05-03-at-10.35.31.jpeg\"><img loading=\"lazy\" decoding=\"async\" class=\"alignnone size-medium wp-image-6607\" src=\"https:\/\/agora.xtec.cat\/iesdelvoltreganes\/wp-content\/uploads\/usu618\/2024\/05\/WhatsApp-Image-2024-05-03-at-10.35.31-300x225.jpeg\" alt=\"\" width=\"300\" height=\"225\" srcset=\"https:\/\/agora.xtec.cat\/iesdelvoltreganes\/wp-content\/uploads\/usu618\/2024\/05\/WhatsApp-Image-2024-05-03-at-10.35.31-300x225.jpeg 300w, https:\/\/agora.xtec.cat\/iesdelvoltreganes\/wp-content\/uploads\/usu618\/2024\/05\/WhatsApp-Image-2024-05-03-at-10.35.31-1024x768.jpeg 1024w, https:\/\/agora.xtec.cat\/iesdelvoltreganes\/wp-content\/uploads\/usu618\/2024\/05\/WhatsApp-Image-2024-05-03-at-10.35.31-768x576.jpeg 768w, https:\/\/agora.xtec.cat\/iesdelvoltreganes\/wp-content\/uploads\/usu618\/2024\/05\/WhatsApp-Image-2024-05-03-at-10.35.31-1536x1152.jpeg 1536w, https:\/\/agora.xtec.cat\/iesdelvoltreganes\/wp-content\/uploads\/usu618\/2024\/05\/WhatsApp-Image-2024-05-03-at-10.35.31-200x150.jpeg 200w, https:\/\/agora.xtec.cat\/iesdelvoltreganes\/wp-content\/uploads\/usu618\/2024\/05\/WhatsApp-Image-2024-05-03-at-10.35.31.jpeg 2048w\" sizes=\"auto, (max-width: 300px) 100vw, 300px\" \/><\/a><\/p>\n<p><a href=\"https:\/\/agora.xtec.cat\/iesdelvoltreganes\/wp-content\/uploads\/usu618\/2024\/05\/WhatsApp-Image-2024-05-03-at-10.35.29-1.jpeg\"><img loading=\"lazy\" decoding=\"async\" class=\"alignnone size-medium wp-image-6608\" src=\"https:\/\/agora.xtec.cat\/iesdelvoltreganes\/wp-content\/uploads\/usu618\/2024\/05\/WhatsApp-Image-2024-05-03-at-10.35.29-1-300x225.jpeg\" alt=\"\" width=\"300\" height=\"225\" srcset=\"https:\/\/agora.xtec.cat\/iesdelvoltreganes\/wp-content\/uploads\/usu618\/2024\/05\/WhatsApp-Image-2024-05-03-at-10.35.29-1-300x225.jpeg 300w, https:\/\/agora.xtec.cat\/iesdelvoltreganes\/wp-content\/uploads\/usu618\/2024\/05\/WhatsApp-Image-2024-05-03-at-10.35.29-1-1024x768.jpeg 1024w, https:\/\/agora.xtec.cat\/iesdelvoltreganes\/wp-content\/uploads\/usu618\/2024\/05\/WhatsApp-Image-2024-05-03-at-10.35.29-1-768x576.jpeg 768w, https:\/\/agora.xtec.cat\/iesdelvoltreganes\/wp-content\/uploads\/usu618\/2024\/05\/WhatsApp-Image-2024-05-03-at-10.35.29-1-1536x1152.jpeg 1536w, https:\/\/agora.xtec.cat\/iesdelvoltreganes\/wp-content\/uploads\/usu618\/2024\/05\/WhatsApp-Image-2024-05-03-at-10.35.29-1-200x150.jpeg 200w, https:\/\/agora.xtec.cat\/iesdelvoltreganes\/wp-content\/uploads\/usu618\/2024\/05\/WhatsApp-Image-2024-05-03-at-10.35.29-1.jpeg 2048w\" sizes=\"auto, (max-width: 300px) 100vw, 300px\" \/><\/a><\/p>\n","protected":false},"excerpt":{"rendered":"<p>Setmana de nervis per als alumnes de l&#8217;extraescolar de teatre de l&#8217;Institut del Voltregan\u00e8s. Van representar l&#8217;obra &#8220;Tot el que passar\u00e0 a partir d&#8217;ara&#8221; al teatre de Sant Hip\u00f2lit. Enhorabona als artistes, van fer una feina excel\u00b7lent. Volem agrair als Ajuntaments de Sant Hip\u00f2lit i&hellip;  <a href=\"https:\/\/agora.xtec.cat\/iesdelvoltreganes\/general\/tot-el-que-passara-a-partir-dara\/\" title=\"Read Tot el que passar\u00e0 a partir d&#8217;ara\">Llegeix m\u00e9s\u00bb<\/a><\/p>\n","protected":false},"author":6,"featured_media":0,"comment_status":"closed","ping_status":"closed","sticky":false,"template":"","format":"standard","meta":{"_bbp_topic_count":0,"_bbp_reply_count":0,"_bbp_total_topic_count":0,"_bbp_total_reply_count":0,"_bbp_voice_count":0,"_bbp_anonymous_reply_count":0,"_bbp_topic_count_hidden":0,"_bbp_reply_count_hidden":0,"_bbp_forum_subforum_count":0,"footnotes":""},"categories":[1,29],"tags":[40],"class_list":["post-6605","post","type-post","status-publish","format-standard","hentry","category-general","category-portada","tag-teatre"],"post_mailing_queue_ids":[],"_links":{"self":[{"href":"https:\/\/agora.xtec.cat\/iesdelvoltreganes\/wp-json\/wp\/v2\/posts\/6605","targetHints":{"allow":["GET"]}}],"collection":[{"href":"https:\/\/agora.xtec.cat\/iesdelvoltreganes\/wp-json\/wp\/v2\/posts"}],"about":[{"href":"https:\/\/agora.xtec.cat\/iesdelvoltreganes\/wp-json\/wp\/v2\/types\/post"}],"author":[{"embeddable":true,"href":"https:\/\/agora.xtec.cat\/iesdelvoltreganes\/wp-json\/wp\/v2\/users\/6"}],"replies":[{"embeddable":true,"href":"https:\/\/agora.xtec.cat\/iesdelvoltreganes\/wp-json\/wp\/v2\/comments?post=6605"}],"version-history":[{"count":1,"href":"https:\/\/agora.xtec.cat\/iesdelvoltreganes\/wp-json\/wp\/v2\/posts\/6605\/revisions"}],"predecessor-version":[{"id":6609,"href":"https:\/\/agora.xtec.cat\/iesdelvoltreganes\/wp-json\/wp\/v2\/posts\/6605\/revisions\/6609"}],"wp:attachment":[{"href":"https:\/\/agora.xtec.cat\/iesdelvoltreganes\/wp-json\/wp\/v2\/media?parent=6605"}],"wp:term":[{"taxonomy":"category","embeddable":true,"href":"https:\/\/agora.xtec.cat\/iesdelvoltreganes\/wp-json\/wp\/v2\/categories?post=6605"},{"taxonomy":"post_tag","embeddable":true,"href":"https:\/\/agora.xtec.cat\/iesdelvoltreganes\/wp-json\/wp\/v2\/tags?post=6605"}],"curies":[{"name":"wp","href":"https:\/\/api.w.org\/{rel}","templated":true}]}}