{"id":6595,"date":"2024-05-01T20:51:21","date_gmt":"2024-05-01T18:51:21","guid":{"rendered":"https:\/\/agora.xtec.cat\/iesdelvoltreganes\/?p=6595"},"modified":"2024-05-01T20:54:09","modified_gmt":"2024-05-01T18:54:09","slug":"ruta-del-quixot-per-barcelona","status":"publish","type":"post","link":"https:\/\/agora.xtec.cat\/iesdelvoltreganes\/general\/ruta-del-quixot-per-barcelona\/","title":{"rendered":"Ruta del Quixot per Barcelona"},"content":{"rendered":"<p>Al llarg del segon trimestre, despr\u00e9s d&#8217;haver treballat el Segle d&#8217;Or i la figura de Miguel de Cervantes, es procedeix a descobrir la Barcelona del Quixot. La ruta del Quixot \u00e9s un passeig a peu pel barri G\u00f2tic i el barri de la Merc\u00e8, seguint els cap\u00edtols barcelonins de l&#8217;obra.<br \/>\nDurant un parell d&#8217;hores hem parlat del context hist\u00f2ric, de la vida i l&#8217;obra de Cervantes i del seu hipot\u00e8tic pas per la ciutat de Barcelona. A m\u00e9s, hem tractat temes com el bandolerisme, la conviv\u00e8ncia entre les diferents comunitats religioses i com \u00e9s tractada per personalitats de l&#8217;\u00e8poca, o la import\u00e0ncia del port de Barcelona, temes presents a l&#8217;obra. Tamb\u00e9 hi ha sigut present l&#8217;univers literari del Quixot, que ha animat els alumnes a llegir alguns dels fragments relacionats amb la Barcelona del llibre.<\/p>\n<p><a href=\"https:\/\/agora.xtec.cat\/iesdelvoltreganes\/wp-content\/uploads\/usu618\/2024\/05\/6791C233-BE50-4BEE-8786-46BC808DC18B-scaled.jpg\"><img loading=\"lazy\" decoding=\"async\" class=\"size-medium wp-image-6596 aligncenter\" src=\"https:\/\/agora.xtec.cat\/iesdelvoltreganes\/wp-content\/uploads\/usu618\/2024\/05\/6791C233-BE50-4BEE-8786-46BC808DC18B-300x169.jpg\" alt=\"\" width=\"300\" height=\"169\" srcset=\"https:\/\/agora.xtec.cat\/iesdelvoltreganes\/wp-content\/uploads\/usu618\/2024\/05\/6791C233-BE50-4BEE-8786-46BC808DC18B-300x169.jpg 300w, https:\/\/agora.xtec.cat\/iesdelvoltreganes\/wp-content\/uploads\/usu618\/2024\/05\/6791C233-BE50-4BEE-8786-46BC808DC18B-1024x576.jpg 1024w, https:\/\/agora.xtec.cat\/iesdelvoltreganes\/wp-content\/uploads\/usu618\/2024\/05\/6791C233-BE50-4BEE-8786-46BC808DC18B-768x432.jpg 768w, https:\/\/agora.xtec.cat\/iesdelvoltreganes\/wp-content\/uploads\/usu618\/2024\/05\/6791C233-BE50-4BEE-8786-46BC808DC18B-1536x864.jpg 1536w, https:\/\/agora.xtec.cat\/iesdelvoltreganes\/wp-content\/uploads\/usu618\/2024\/05\/6791C233-BE50-4BEE-8786-46BC808DC18B-2048x1152.jpg 2048w\" sizes=\"auto, (max-width: 300px) 100vw, 300px\" \/><\/a><\/p>\n<p><a href=\"https:\/\/agora.xtec.cat\/iesdelvoltreganes\/wp-content\/uploads\/usu618\/2024\/05\/6CAE4C78-82D2-47B8-8B31-F834DBE66B81.jpg\"><img loading=\"lazy\" decoding=\"async\" class=\"size-medium wp-image-6598 aligncenter\" src=\"https:\/\/agora.xtec.cat\/iesdelvoltreganes\/wp-content\/uploads\/usu618\/2024\/05\/6CAE4C78-82D2-47B8-8B31-F834DBE66B81-169x300.jpg\" alt=\"\" width=\"169\" height=\"300\" srcset=\"https:\/\/agora.xtec.cat\/iesdelvoltreganes\/wp-content\/uploads\/usu618\/2024\/05\/6CAE4C78-82D2-47B8-8B31-F834DBE66B81-169x300.jpg 169w, https:\/\/agora.xtec.cat\/iesdelvoltreganes\/wp-content\/uploads\/usu618\/2024\/05\/6CAE4C78-82D2-47B8-8B31-F834DBE66B81-576x1024.jpg 576w, https:\/\/agora.xtec.cat\/iesdelvoltreganes\/wp-content\/uploads\/usu618\/2024\/05\/6CAE4C78-82D2-47B8-8B31-F834DBE66B81-768x1365.jpg 768w, https:\/\/agora.xtec.cat\/iesdelvoltreganes\/wp-content\/uploads\/usu618\/2024\/05\/6CAE4C78-82D2-47B8-8B31-F834DBE66B81-864x1536.jpg 864w, https:\/\/agora.xtec.cat\/iesdelvoltreganes\/wp-content\/uploads\/usu618\/2024\/05\/6CAE4C78-82D2-47B8-8B31-F834DBE66B81.jpg 1080w\" sizes=\"auto, (max-width: 169px) 100vw, 169px\" \/><\/a><\/p>\n<p><a href=\"https:\/\/agora.xtec.cat\/iesdelvoltreganes\/wp-content\/uploads\/usu618\/2024\/05\/55A68120-CD2E-4DF1-9865-5F0599D5C978.jpg\"><img loading=\"lazy\" decoding=\"async\" class=\"size-medium wp-image-6599 aligncenter\" src=\"https:\/\/agora.xtec.cat\/iesdelvoltreganes\/wp-content\/uploads\/usu618\/2024\/05\/55A68120-CD2E-4DF1-9865-5F0599D5C978-300x169.jpg\" alt=\"\" width=\"300\" height=\"169\" srcset=\"https:\/\/agora.xtec.cat\/iesdelvoltreganes\/wp-content\/uploads\/usu618\/2024\/05\/55A68120-CD2E-4DF1-9865-5F0599D5C978-300x169.jpg 300w, https:\/\/agora.xtec.cat\/iesdelvoltreganes\/wp-content\/uploads\/usu618\/2024\/05\/55A68120-CD2E-4DF1-9865-5F0599D5C978-1024x576.jpg 1024w, https:\/\/agora.xtec.cat\/iesdelvoltreganes\/wp-content\/uploads\/usu618\/2024\/05\/55A68120-CD2E-4DF1-9865-5F0599D5C978-768x432.jpg 768w, https:\/\/agora.xtec.cat\/iesdelvoltreganes\/wp-content\/uploads\/usu618\/2024\/05\/55A68120-CD2E-4DF1-9865-5F0599D5C978-1536x864.jpg 1536w, https:\/\/agora.xtec.cat\/iesdelvoltreganes\/wp-content\/uploads\/usu618\/2024\/05\/55A68120-CD2E-4DF1-9865-5F0599D5C978.jpg 1920w\" sizes=\"auto, (max-width: 300px) 100vw, 300px\" \/><\/a><\/p>\n","protected":false},"excerpt":{"rendered":"<p>Al llarg del segon trimestre, despr\u00e9s d&#8217;haver treballat el Segle d&#8217;Or i la figura de Miguel de Cervantes, es procedeix a descobrir la Barcelona del Quixot. La ruta del Quixot \u00e9s un passeig a peu pel barri G\u00f2tic i el barri de la Merc\u00e8, seguint&hellip;  <a href=\"https:\/\/agora.xtec.cat\/iesdelvoltreganes\/general\/ruta-del-quixot-per-barcelona\/\" title=\"Read Ruta del Quixot per Barcelona\">Llegeix m\u00e9s\u00bb<\/a><\/p>\n","protected":false},"author":6,"featured_media":0,"comment_status":"closed","ping_status":"closed","sticky":false,"template":"","format":"standard","meta":{"_bbp_topic_count":0,"_bbp_reply_count":0,"_bbp_total_topic_count":0,"_bbp_total_reply_count":0,"_bbp_voice_count":0,"_bbp_anonymous_reply_count":0,"_bbp_topic_count_hidden":0,"_bbp_reply_count_hidden":0,"_bbp_forum_subforum_count":0,"footnotes":""},"categories":[6,1,72,29],"tags":[39],"class_list":["post-6595","post","type-post","status-publish","format-standard","hentry","category-eso-3","category-general","category-llengues-i-literatura","category-portada","tag-sortides"],"post_mailing_queue_ids":[],"_links":{"self":[{"href":"https:\/\/agora.xtec.cat\/iesdelvoltreganes\/wp-json\/wp\/v2\/posts\/6595","targetHints":{"allow":["GET"]}}],"collection":[{"href":"https:\/\/agora.xtec.cat\/iesdelvoltreganes\/wp-json\/wp\/v2\/posts"}],"about":[{"href":"https:\/\/agora.xtec.cat\/iesdelvoltreganes\/wp-json\/wp\/v2\/types\/post"}],"author":[{"embeddable":true,"href":"https:\/\/agora.xtec.cat\/iesdelvoltreganes\/wp-json\/wp\/v2\/users\/6"}],"replies":[{"embeddable":true,"href":"https:\/\/agora.xtec.cat\/iesdelvoltreganes\/wp-json\/wp\/v2\/comments?post=6595"}],"version-history":[{"count":5,"href":"https:\/\/agora.xtec.cat\/iesdelvoltreganes\/wp-json\/wp\/v2\/posts\/6595\/revisions"}],"predecessor-version":[{"id":6603,"href":"https:\/\/agora.xtec.cat\/iesdelvoltreganes\/wp-json\/wp\/v2\/posts\/6595\/revisions\/6603"}],"wp:attachment":[{"href":"https:\/\/agora.xtec.cat\/iesdelvoltreganes\/wp-json\/wp\/v2\/media?parent=6595"}],"wp:term":[{"taxonomy":"category","embeddable":true,"href":"https:\/\/agora.xtec.cat\/iesdelvoltreganes\/wp-json\/wp\/v2\/categories?post=6595"},{"taxonomy":"post_tag","embeddable":true,"href":"https:\/\/agora.xtec.cat\/iesdelvoltreganes\/wp-json\/wp\/v2\/tags?post=6595"}],"curies":[{"name":"wp","href":"https:\/\/api.w.org\/{rel}","templated":true}]}}