{"id":6569,"date":"2024-04-19T12:41:49","date_gmt":"2024-04-19T10:41:49","guid":{"rendered":"https:\/\/agora.xtec.cat\/iesdelvoltreganes\/?p=6569"},"modified":"2024-04-19T12:42:21","modified_gmt":"2024-04-19T10:42:21","slug":"problemes-a-lesprint-23-24","status":"publish","type":"post","link":"https:\/\/agora.xtec.cat\/iesdelvoltreganes\/general\/problemes-a-lesprint-23-24\/","title":{"rendered":"Problemes a l&#8217;esprint 23-24"},"content":{"rendered":"<p>Un grupet de 12 alumnes de 1r d&#8217;ESO vam anar a recollir un premi de reconeixement a la nostra valuosa participaci\u00f3 en els <em>Problemes a l&#8217;esprint 23-24<\/em>, una activitat telem\u00e0tica per equips de centre, convocada per la SCM, la FEEMCAT i el Creamat.<br \/>\nEns van obsequiar amb una jornada matem\u00e0tica al Museu de les Matem\u00e0tiques de Catalunya, amb un taller de c\u00fapules Leonardo i amb un lot de jocs matem\u00e0tics que utilitzarem amb tots els alumnes del centre.<\/p>\n<p><a href=\"https:\/\/agora.xtec.cat\/iesdelvoltreganes\/wp-content\/uploads\/usu618\/2024\/04\/WhatsApp-Image-2024-04-17-at-13.52.26.jpeg\"><img loading=\"lazy\" decoding=\"async\" class=\"alignnone size-medium wp-image-6570\" src=\"https:\/\/agora.xtec.cat\/iesdelvoltreganes\/wp-content\/uploads\/usu618\/2024\/04\/WhatsApp-Image-2024-04-17-at-13.52.26-300x226.jpeg\" alt=\"\" width=\"300\" height=\"226\" srcset=\"https:\/\/agora.xtec.cat\/iesdelvoltreganes\/wp-content\/uploads\/usu618\/2024\/04\/WhatsApp-Image-2024-04-17-at-13.52.26-300x226.jpeg 300w, https:\/\/agora.xtec.cat\/iesdelvoltreganes\/wp-content\/uploads\/usu618\/2024\/04\/WhatsApp-Image-2024-04-17-at-13.52.26-1024x771.jpeg 1024w, https:\/\/agora.xtec.cat\/iesdelvoltreganes\/wp-content\/uploads\/usu618\/2024\/04\/WhatsApp-Image-2024-04-17-at-13.52.26-768x578.jpeg 768w, https:\/\/agora.xtec.cat\/iesdelvoltreganes\/wp-content\/uploads\/usu618\/2024\/04\/WhatsApp-Image-2024-04-17-at-13.52.26-1536x1156.jpeg 1536w, https:\/\/agora.xtec.cat\/iesdelvoltreganes\/wp-content\/uploads\/usu618\/2024\/04\/WhatsApp-Image-2024-04-17-at-13.52.26-200x150.jpeg 200w, https:\/\/agora.xtec.cat\/iesdelvoltreganes\/wp-content\/uploads\/usu618\/2024\/04\/WhatsApp-Image-2024-04-17-at-13.52.26.jpeg 1600w\" sizes=\"auto, (max-width: 300px) 100vw, 300px\" \/> <\/a><\/p>\n<p><a href=\"https:\/\/agora.xtec.cat\/iesdelvoltreganes\/wp-content\/uploads\/usu618\/2024\/04\/20240417_133739.jpg\"><img loading=\"lazy\" decoding=\"async\" class=\"alignnone size-medium wp-image-6571\" src=\"https:\/\/agora.xtec.cat\/iesdelvoltreganes\/wp-content\/uploads\/usu618\/2024\/04\/20240417_133739-300x169.jpg\" alt=\"\" width=\"300\" height=\"169\" srcset=\"https:\/\/agora.xtec.cat\/iesdelvoltreganes\/wp-content\/uploads\/usu618\/2024\/04\/20240417_133739-300x169.jpg 300w, https:\/\/agora.xtec.cat\/iesdelvoltreganes\/wp-content\/uploads\/usu618\/2024\/04\/20240417_133739-1024x577.jpg 1024w, https:\/\/agora.xtec.cat\/iesdelvoltreganes\/wp-content\/uploads\/usu618\/2024\/04\/20240417_133739-768x432.jpg 768w, https:\/\/agora.xtec.cat\/iesdelvoltreganes\/wp-content\/uploads\/usu618\/2024\/04\/20240417_133739-1536x865.jpg 1536w, https:\/\/agora.xtec.cat\/iesdelvoltreganes\/wp-content\/uploads\/usu618\/2024\/04\/20240417_133739-2048x1153.jpg 2048w\" sizes=\"auto, (max-width: 300px) 100vw, 300px\" \/><\/a><\/p>\n<p><a href=\"https:\/\/agora.xtec.cat\/iesdelvoltreganes\/wp-content\/uploads\/usu618\/2024\/04\/20240418_144247.jpg\"><img loading=\"lazy\" decoding=\"async\" class=\"alignnone size-medium wp-image-6572\" src=\"https:\/\/agora.xtec.cat\/iesdelvoltreganes\/wp-content\/uploads\/usu618\/2024\/04\/20240418_144247-300x169.jpg\" alt=\"\" width=\"300\" height=\"169\" srcset=\"https:\/\/agora.xtec.cat\/iesdelvoltreganes\/wp-content\/uploads\/usu618\/2024\/04\/20240418_144247-300x169.jpg 300w, https:\/\/agora.xtec.cat\/iesdelvoltreganes\/wp-content\/uploads\/usu618\/2024\/04\/20240418_144247-1024x577.jpg 1024w, https:\/\/agora.xtec.cat\/iesdelvoltreganes\/wp-content\/uploads\/usu618\/2024\/04\/20240418_144247-768x432.jpg 768w, https:\/\/agora.xtec.cat\/iesdelvoltreganes\/wp-content\/uploads\/usu618\/2024\/04\/20240418_144247-1536x865.jpg 1536w, https:\/\/agora.xtec.cat\/iesdelvoltreganes\/wp-content\/uploads\/usu618\/2024\/04\/20240418_144247-2048x1153.jpg 2048w\" sizes=\"auto, (max-width: 300px) 100vw, 300px\" \/><\/a><\/p>\n","protected":false},"excerpt":{"rendered":"<p>Un grupet de 12 alumnes de 1r d&#8217;ESO vam anar a recollir un premi de reconeixement a la nostra valuosa participaci\u00f3 en els Problemes a l&#8217;esprint 23-24, una activitat telem\u00e0tica per equips de centre, convocada per la SCM, la FEEMCAT i el Creamat.<br \/>\nEns van obsequiar&hellip;  <a href=\"https:\/\/agora.xtec.cat\/iesdelvoltreganes\/general\/problemes-a-lesprint-23-24\/\" title=\"Read Problemes a l&#8217;esprint 23-24\">Llegeix m\u00e9s\u00bb<\/a><\/p>\n","protected":false},"author":6,"featured_media":0,"comment_status":"closed","ping_status":"closed","sticky":false,"template":"","format":"standard","meta":{"_bbp_topic_count":0,"_bbp_reply_count":0,"_bbp_total_topic_count":0,"_bbp_total_reply_count":0,"_bbp_voice_count":0,"_bbp_anonymous_reply_count":0,"_bbp_topic_count_hidden":0,"_bbp_reply_count_hidden":0,"_bbp_forum_subforum_count":0,"footnotes":""},"categories":[4,1,73,29],"tags":[151],"class_list":["post-6569","post","type-post","status-publish","format-standard","hentry","category-eso-1","category-general","category-matematiques","category-portada","tag-premis"],"post_mailing_queue_ids":[],"_links":{"self":[{"href":"https:\/\/agora.xtec.cat\/iesdelvoltreganes\/wp-json\/wp\/v2\/posts\/6569","targetHints":{"allow":["GET"]}}],"collection":[{"href":"https:\/\/agora.xtec.cat\/iesdelvoltreganes\/wp-json\/wp\/v2\/posts"}],"about":[{"href":"https:\/\/agora.xtec.cat\/iesdelvoltreganes\/wp-json\/wp\/v2\/types\/post"}],"author":[{"embeddable":true,"href":"https:\/\/agora.xtec.cat\/iesdelvoltreganes\/wp-json\/wp\/v2\/users\/6"}],"replies":[{"embeddable":true,"href":"https:\/\/agora.xtec.cat\/iesdelvoltreganes\/wp-json\/wp\/v2\/comments?post=6569"}],"version-history":[{"count":2,"href":"https:\/\/agora.xtec.cat\/iesdelvoltreganes\/wp-json\/wp\/v2\/posts\/6569\/revisions"}],"predecessor-version":[{"id":6574,"href":"https:\/\/agora.xtec.cat\/iesdelvoltreganes\/wp-json\/wp\/v2\/posts\/6569\/revisions\/6574"}],"wp:attachment":[{"href":"https:\/\/agora.xtec.cat\/iesdelvoltreganes\/wp-json\/wp\/v2\/media?parent=6569"}],"wp:term":[{"taxonomy":"category","embeddable":true,"href":"https:\/\/agora.xtec.cat\/iesdelvoltreganes\/wp-json\/wp\/v2\/categories?post=6569"},{"taxonomy":"post_tag","embeddable":true,"href":"https:\/\/agora.xtec.cat\/iesdelvoltreganes\/wp-json\/wp\/v2\/tags?post=6569"}],"curies":[{"name":"wp","href":"https:\/\/api.w.org\/{rel}","templated":true}]}}