{"id":6525,"date":"2024-04-16T14:05:45","date_gmt":"2024-04-16T12:05:45","guid":{"rendered":"https:\/\/agora.xtec.cat\/iesdelvoltreganes\/?p=6525"},"modified":"2024-04-16T14:10:58","modified_gmt":"2024-04-16T12:10:58","slug":"lexili-republica","status":"publish","type":"post","link":"https:\/\/agora.xtec.cat\/iesdelvoltreganes\/general\/lexili-republica\/","title":{"rendered":"L&#8217;exili republic\u00e0"},"content":{"rendered":"<p>Avui dimarts, els alumnes i les alumnes de batxillerat, hem tingut la sort de poder assistir a la confer\u00e8ncia de l&#8217;escriptora Assumpta Montell\u00e0. La xerrada ha anat sobre l&#8217;exili republic\u00e0. Als de primer ens ha agradat molt perqu\u00e8 desconeix\u00edem la gravetat d&#8217;aquest fet hist\u00f2ric, explicat de manera senzilla, directa i dura per part de l&#8217;autora de la Maternitat d&#8217;Elna. Als de segon, els ha anat molt b\u00e9 per comprendre millor l&#8217;inici de l&#8217;exili for\u00e7at que van patir milers de republicans i de persones que no estaven d&#8217;acord amb el b\u00e0ndol nacional, un cop perduda la Guerra Civil.<\/p>\n<p>&nbsp;<\/p>\n<p>&nbsp;<\/p>\n","protected":false},"excerpt":{"rendered":"<p>Avui dimarts, els alumnes i les alumnes de batxillerat, hem tingut la sort de poder assistir a la confer\u00e8ncia de l&#8217;escriptora Assumpta Montell\u00e0. La xerrada ha anat sobre l&#8217;exili republic\u00e0. Als de primer ens ha agradat molt perqu\u00e8 desconeix\u00edem la gravetat d&#8217;aquest fet hist\u00f2ric, explicat&hellip;  <a href=\"https:\/\/agora.xtec.cat\/iesdelvoltreganes\/general\/lexili-republica\/\" title=\"Read L&#8217;exili republic\u00e0\">Llegeix m\u00e9s\u00bb<\/a><\/p>\n","protected":false},"author":6,"featured_media":0,"comment_status":"closed","ping_status":"closed","sticky":false,"template":"","format":"standard","meta":{"_bbp_topic_count":0,"_bbp_reply_count":0,"_bbp_total_topic_count":0,"_bbp_total_reply_count":0,"_bbp_voice_count":0,"_bbp_anonymous_reply_count":0,"_bbp_topic_count_hidden":0,"_bbp_reply_count_hidden":0,"_bbp_forum_subforum_count":0,"footnotes":""},"categories":[8,66,1,29],"tags":[],"class_list":["post-6525","post","type-post","status-publish","format-standard","hentry","category-batxillerat","category-ciencies-socials","category-general","category-portada"],"post_mailing_queue_ids":[],"_links":{"self":[{"href":"https:\/\/agora.xtec.cat\/iesdelvoltreganes\/wp-json\/wp\/v2\/posts\/6525","targetHints":{"allow":["GET"]}}],"collection":[{"href":"https:\/\/agora.xtec.cat\/iesdelvoltreganes\/wp-json\/wp\/v2\/posts"}],"about":[{"href":"https:\/\/agora.xtec.cat\/iesdelvoltreganes\/wp-json\/wp\/v2\/types\/post"}],"author":[{"embeddable":true,"href":"https:\/\/agora.xtec.cat\/iesdelvoltreganes\/wp-json\/wp\/v2\/users\/6"}],"replies":[{"embeddable":true,"href":"https:\/\/agora.xtec.cat\/iesdelvoltreganes\/wp-json\/wp\/v2\/comments?post=6525"}],"version-history":[{"count":6,"href":"https:\/\/agora.xtec.cat\/iesdelvoltreganes\/wp-json\/wp\/v2\/posts\/6525\/revisions"}],"predecessor-version":[{"id":6554,"href":"https:\/\/agora.xtec.cat\/iesdelvoltreganes\/wp-json\/wp\/v2\/posts\/6525\/revisions\/6554"}],"wp:attachment":[{"href":"https:\/\/agora.xtec.cat\/iesdelvoltreganes\/wp-json\/wp\/v2\/media?parent=6525"}],"wp:term":[{"taxonomy":"category","embeddable":true,"href":"https:\/\/agora.xtec.cat\/iesdelvoltreganes\/wp-json\/wp\/v2\/categories?post=6525"},{"taxonomy":"post_tag","embeddable":true,"href":"https:\/\/agora.xtec.cat\/iesdelvoltreganes\/wp-json\/wp\/v2\/tags?post=6525"}],"curies":[{"name":"wp","href":"https:\/\/api.w.org\/{rel}","templated":true}]}}