{"id":6518,"date":"2024-04-10T09:38:59","date_gmt":"2024-04-10T07:38:59","guid":{"rendered":"https:\/\/agora.xtec.cat\/iesdelvoltreganes\/?p=6518"},"modified":"2024-04-10T09:39:56","modified_gmt":"2024-04-10T07:39:56","slug":"taller-de-poesia","status":"publish","type":"post","link":"https:\/\/agora.xtec.cat\/iesdelvoltreganes\/general\/taller-de-poesia\/","title":{"rendered":"Taller de poesia"},"content":{"rendered":"<p><a href=\"https:\/\/agora.xtec.cat\/iesdelvoltreganes\/wp-content\/uploads\/usu618\/2024\/04\/1712665161097.jpg\"><img loading=\"lazy\" decoding=\"async\" class=\"size-medium wp-image-6519 aligncenter\" src=\"https:\/\/agora.xtec.cat\/iesdelvoltreganes\/wp-content\/uploads\/usu618\/2024\/04\/1712665161097-300x226.jpg\" alt=\"\" width=\"300\" height=\"226\" srcset=\"https:\/\/agora.xtec.cat\/iesdelvoltreganes\/wp-content\/uploads\/usu618\/2024\/04\/1712665161097-300x226.jpg 300w, https:\/\/agora.xtec.cat\/iesdelvoltreganes\/wp-content\/uploads\/usu618\/2024\/04\/1712665161097-768x578.jpg 768w, https:\/\/agora.xtec.cat\/iesdelvoltreganes\/wp-content\/uploads\/usu618\/2024\/04\/1712665161097-200x150.jpg 200w, https:\/\/agora.xtec.cat\/iesdelvoltreganes\/wp-content\/uploads\/usu618\/2024\/04\/1712665161097.jpg 1020w\" sizes=\"auto, (max-width: 300px) 100vw, 300px\" \/><\/a><\/p>\n<p><img loading=\"lazy\" decoding=\"async\" class=\"size-medium wp-image-6520 aligncenter\" src=\"https:\/\/agora.xtec.cat\/iesdelvoltreganes\/wp-content\/uploads\/usu618\/2024\/04\/IMG_20240409_122003-300x226.jpg\" alt=\"\" width=\"300\" height=\"226\" srcset=\"https:\/\/agora.xtec.cat\/iesdelvoltreganes\/wp-content\/uploads\/usu618\/2024\/04\/IMG_20240409_122003-300x226.jpg 300w, https:\/\/agora.xtec.cat\/iesdelvoltreganes\/wp-content\/uploads\/usu618\/2024\/04\/IMG_20240409_122003-768x578.jpg 768w, https:\/\/agora.xtec.cat\/iesdelvoltreganes\/wp-content\/uploads\/usu618\/2024\/04\/IMG_20240409_122003-200x150.jpg 200w, https:\/\/agora.xtec.cat\/iesdelvoltreganes\/wp-content\/uploads\/usu618\/2024\/04\/IMG_20240409_122003.jpg 1020w\" sizes=\"auto, (max-width: 300px) 100vw, 300px\" \/><\/p>\n<p>Hem fet un taller de poesia amb en Jordi Fornos, el qual ens ha llegit alguns dels seus poemes i ens ha explicat tot el proc\u00e9s de creaci\u00f3.<br \/>\nA la segona part del taller ha comen\u00e7at la part creativa. En Fornos ha estimulat a l&#8217;alumnat, mitjan\u00e7ant els sentits, fent-los recordar alguna viv\u00e8ncia, sentiment o experi\u00e8ncia. A partir d&#8217;aqu\u00ed han comen\u00e7at el proc\u00e9s creatiu i esperem que a la seg\u00fcent sessi\u00f3 s&#8217;apreci\u00efn els resultats, que segur que seran molt interessants. Gr\u00e0cies Jordi per la teva col\u00b7laboraci\u00f3<\/p>\n","protected":false},"excerpt":{"rendered":"<p><a href=\"https:\/\/agora.xtec.cat\/iesdelvoltreganes\/wp-content\/uploads\/usu618\/2024\/04\/1712665161097.jpg\"><\/a><\/p>\n<p>Hem fet un taller de poesia amb en Jordi Fornos, el qual ens ha llegit alguns dels seus poemes i ens ha explicat tot el proc\u00e9s de creaci\u00f3.<br \/>\nA la segona part del taller ha comen\u00e7at la part creativa. En Fornos ha estimulat a l&#8217;alumnat,&hellip;  <a href=\"https:\/\/agora.xtec.cat\/iesdelvoltreganes\/general\/taller-de-poesia\/\" title=\"Read Taller de poesia\">Llegeix m\u00e9s\u00bb<\/a><\/p>\n","protected":false},"author":6,"featured_media":0,"comment_status":"closed","ping_status":"closed","sticky":false,"template":"","format":"standard","meta":{"_bbp_topic_count":0,"_bbp_reply_count":0,"_bbp_total_topic_count":0,"_bbp_total_reply_count":0,"_bbp_voice_count":0,"_bbp_anonymous_reply_count":0,"_bbp_topic_count_hidden":0,"_bbp_reply_count_hidden":0,"_bbp_forum_subforum_count":0,"footnotes":""},"categories":[6,1,29],"tags":[58],"class_list":["post-6518","post","type-post","status-publish","format-standard","hentry","category-eso-3","category-general","category-portada","tag-tallers"],"post_mailing_queue_ids":[],"_links":{"self":[{"href":"https:\/\/agora.xtec.cat\/iesdelvoltreganes\/wp-json\/wp\/v2\/posts\/6518","targetHints":{"allow":["GET"]}}],"collection":[{"href":"https:\/\/agora.xtec.cat\/iesdelvoltreganes\/wp-json\/wp\/v2\/posts"}],"about":[{"href":"https:\/\/agora.xtec.cat\/iesdelvoltreganes\/wp-json\/wp\/v2\/types\/post"}],"author":[{"embeddable":true,"href":"https:\/\/agora.xtec.cat\/iesdelvoltreganes\/wp-json\/wp\/v2\/users\/6"}],"replies":[{"embeddable":true,"href":"https:\/\/agora.xtec.cat\/iesdelvoltreganes\/wp-json\/wp\/v2\/comments?post=6518"}],"version-history":[{"count":4,"href":"https:\/\/agora.xtec.cat\/iesdelvoltreganes\/wp-json\/wp\/v2\/posts\/6518\/revisions"}],"predecessor-version":[{"id":6524,"href":"https:\/\/agora.xtec.cat\/iesdelvoltreganes\/wp-json\/wp\/v2\/posts\/6518\/revisions\/6524"}],"wp:attachment":[{"href":"https:\/\/agora.xtec.cat\/iesdelvoltreganes\/wp-json\/wp\/v2\/media?parent=6518"}],"wp:term":[{"taxonomy":"category","embeddable":true,"href":"https:\/\/agora.xtec.cat\/iesdelvoltreganes\/wp-json\/wp\/v2\/categories?post=6518"},{"taxonomy":"post_tag","embeddable":true,"href":"https:\/\/agora.xtec.cat\/iesdelvoltreganes\/wp-json\/wp\/v2\/tags?post=6518"}],"curies":[{"name":"wp","href":"https:\/\/api.w.org\/{rel}","templated":true}]}}