{"id":6510,"date":"2024-04-08T11:58:53","date_gmt":"2024-04-08T09:58:53","guid":{"rendered":"https:\/\/agora.xtec.cat\/iesdelvoltreganes\/?p=6510"},"modified":"2024-04-08T12:02:44","modified_gmt":"2024-04-08T10:02:44","slug":"techhub-de-manlleu","status":"publish","type":"post","link":"https:\/\/agora.xtec.cat\/iesdelvoltreganes\/general\/techhub-de-manlleu\/","title":{"rendered":"TECHHUB de Manlleu"},"content":{"rendered":"<p><a href=\"https:\/\/photos.app.goo.gl\/4tHm9ajZen6qsrEo9\" target=\"_blank\" rel=\"noopener\"><img loading=\"lazy\" decoding=\"async\" class=\"aligncenter wp-image-6515 size-medium\" src=\"https:\/\/agora.xtec.cat\/iesdelvoltreganes\/wp-content\/uploads\/usu618\/2024\/04\/WhatsApp-Image-2024-04-04-at-1.07.49-PM-2-300x225.jpeg\" alt=\"\" width=\"300\" height=\"225\" srcset=\"https:\/\/agora.xtec.cat\/iesdelvoltreganes\/wp-content\/uploads\/usu618\/2024\/04\/WhatsApp-Image-2024-04-04-at-1.07.49-PM-2-300x225.jpeg 300w, https:\/\/agora.xtec.cat\/iesdelvoltreganes\/wp-content\/uploads\/usu618\/2024\/04\/WhatsApp-Image-2024-04-04-at-1.07.49-PM-2-1024x768.jpeg 1024w, https:\/\/agora.xtec.cat\/iesdelvoltreganes\/wp-content\/uploads\/usu618\/2024\/04\/WhatsApp-Image-2024-04-04-at-1.07.49-PM-2-768x576.jpeg 768w, https:\/\/agora.xtec.cat\/iesdelvoltreganes\/wp-content\/uploads\/usu618\/2024\/04\/WhatsApp-Image-2024-04-04-at-1.07.49-PM-2-1536x1152.jpeg 1536w, https:\/\/agora.xtec.cat\/iesdelvoltreganes\/wp-content\/uploads\/usu618\/2024\/04\/WhatsApp-Image-2024-04-04-at-1.07.49-PM-2-200x150.jpeg 200w, https:\/\/agora.xtec.cat\/iesdelvoltreganes\/wp-content\/uploads\/usu618\/2024\/04\/WhatsApp-Image-2024-04-04-at-1.07.49-PM-2.jpeg 1600w\" sizes=\"auto, (max-width: 300px) 100vw, 300px\" \/><\/a><br \/>\nLa setmana passada, l\u2019alumnat de 4t d\u2019ESO, com a part del tancament del nostre projecte Makers 3D, van tenir l&#8217;oportunitat de visitar el TECHHUB de Manlleu. Durant la visita, els van fer un recorregut per les impressores 3D que tenen, tant les que funcionen en tecnologia additiva com les que utilitzen resines. A m\u00e9s, van tenir l&#8217;oportunitat d&#8217;aprendre sobre altres tecnologies com la conformadora i la talladora l\u00e0ser, les quals ens van obrir les portes a un m\u00f3n de possibilitats creatives.<\/p>\n<p>Una part molt interessant de la nostra visita va ser la entrega d&#8217;alguns dels prototips que els nostres alumnes van dissenyar i crear amb aquestes tecnologies.<\/p>\n<p>Ha estat un projecte inspirador que ens ha perm\u00e8s veure com les idees de l\u2019alumnat prenen forma gr\u00e0cies a les eines de fabricaci\u00f3 digital.<\/p>\n","protected":false},"excerpt":{"rendered":"<p><a href=\"https:\/\/photos.app.goo.gl\/4tHm9ajZen6qsrEo9\" target=\"_blank\" rel=\"noopener\"><\/a><br \/>\nLa setmana passada, l\u2019alumnat de 4t d\u2019ESO, com a part del tancament del nostre projecte Makers 3D, van tenir l&#8217;oportunitat de visitar el TECHHUB de Manlleu. Durant la visita, els van fer un recorregut per les impressores 3D que tenen, tant les&hellip;  <a href=\"https:\/\/agora.xtec.cat\/iesdelvoltreganes\/general\/techhub-de-manlleu\/\" title=\"Read TECHHUB de Manlleu\">Llegeix m\u00e9s\u00bb<\/a><\/p>\n","protected":false},"author":6,"featured_media":0,"comment_status":"closed","ping_status":"closed","sticky":false,"template":"","format":"standard","meta":{"_bbp_topic_count":0,"_bbp_reply_count":0,"_bbp_total_topic_count":0,"_bbp_total_reply_count":0,"_bbp_voice_count":0,"_bbp_anonymous_reply_count":0,"_bbp_topic_count_hidden":0,"_bbp_reply_count_hidden":0,"_bbp_forum_subforum_count":0,"footnotes":""},"categories":[7,1,29],"tags":[],"class_list":["post-6510","post","type-post","status-publish","format-standard","hentry","category-eso-4","category-general","category-portada"],"post_mailing_queue_ids":[],"_links":{"self":[{"href":"https:\/\/agora.xtec.cat\/iesdelvoltreganes\/wp-json\/wp\/v2\/posts\/6510","targetHints":{"allow":["GET"]}}],"collection":[{"href":"https:\/\/agora.xtec.cat\/iesdelvoltreganes\/wp-json\/wp\/v2\/posts"}],"about":[{"href":"https:\/\/agora.xtec.cat\/iesdelvoltreganes\/wp-json\/wp\/v2\/types\/post"}],"author":[{"embeddable":true,"href":"https:\/\/agora.xtec.cat\/iesdelvoltreganes\/wp-json\/wp\/v2\/users\/6"}],"replies":[{"embeddable":true,"href":"https:\/\/agora.xtec.cat\/iesdelvoltreganes\/wp-json\/wp\/v2\/comments?post=6510"}],"version-history":[{"count":4,"href":"https:\/\/agora.xtec.cat\/iesdelvoltreganes\/wp-json\/wp\/v2\/posts\/6510\/revisions"}],"predecessor-version":[{"id":6516,"href":"https:\/\/agora.xtec.cat\/iesdelvoltreganes\/wp-json\/wp\/v2\/posts\/6510\/revisions\/6516"}],"wp:attachment":[{"href":"https:\/\/agora.xtec.cat\/iesdelvoltreganes\/wp-json\/wp\/v2\/media?parent=6510"}],"wp:term":[{"taxonomy":"category","embeddable":true,"href":"https:\/\/agora.xtec.cat\/iesdelvoltreganes\/wp-json\/wp\/v2\/categories?post=6510"},{"taxonomy":"post_tag","embeddable":true,"href":"https:\/\/agora.xtec.cat\/iesdelvoltreganes\/wp-json\/wp\/v2\/tags?post=6510"}],"curies":[{"name":"wp","href":"https:\/\/api.w.org\/{rel}","templated":true}]}}