{"id":6502,"date":"2024-04-05T12:55:16","date_gmt":"2024-04-05T10:55:16","guid":{"rendered":"https:\/\/agora.xtec.cat\/iesdelvoltreganes\/?p=6502"},"modified":"2024-04-05T12:56:03","modified_gmt":"2024-04-05T10:56:03","slug":"nn","status":"publish","type":"post","link":"https:\/\/agora.xtec.cat\/iesdelvoltreganes\/general\/nn\/","title":{"rendered":"Presentaci\u00f3 del llibre de relats a la biblioteca Marqu\u00e8s de Remisa de Sant Hip\u00f2lit de Voltreg\u00e0"},"content":{"rendered":"<p>Aquest dimarts, a la biblioteca Marqu\u00e8s de Remisa de Sant Hip\u00f2lit de Voltreg\u00e0, a les 5h de la tarda, va tenir lloc l&#8217;acte de cloenda del projecte &#8220;Relats de vida&#8221; d&#8217;aquest segon trimestre. De fet, aquesta cloenda es va convertir en la presentaci\u00f3 del llibre de relats, fets per l&#8217;alumnat que en formava part i en col\u00b7laboraci\u00f3 amb el avis i \u00e0vies de l&#8217;associaci\u00f3 Messaia de Voluntariat del Voltregan\u00e8s. Els alumnes, amb l&#8217;ajuden de les professores que els acompanyaven en tot el proc\u00e9s, van oficiar l&#8217;acte i ho van fer molt b\u00e9.<br \/>\nEl p\u00fablic present, entre el qual hi figurava el director del centre, Xevi Soler, la coordinadora dels projectes, la Mireia Serra, algunes \u00e0vies de Messaia, els representants de l&#8217;ajuntament, de l&#8217;associaci\u00f3 de voluntaris, de la pr\u00f2pia biblioteca i alguns familiars de l&#8217;alumnat va demanar quan i on en podia adquirir un exemplar, d&#8217;aquest llibre titulat: El cam\u00ed de les \u00e0nimes.<br \/>\nI els vam dir, com us diem a vosaltres, que per Sant Jordi us animem a comprar-lo! I aix\u00ed, ajudareu, tamb\u00e9, al viatge de final de 4td&#8217;ESO.<\/p>\n<p><a href=\"https:\/\/agora.xtec.cat\/iesdelvoltreganes\/wp-content\/uploads\/usu618\/2024\/04\/IMG-20240405-WA0003.jpg\"><img loading=\"lazy\" decoding=\"async\" class=\"size-medium wp-image-6503 aligncenter\" src=\"https:\/\/agora.xtec.cat\/iesdelvoltreganes\/wp-content\/uploads\/usu618\/2024\/04\/IMG-20240405-WA0003-225x300.jpg\" alt=\"\" width=\"225\" height=\"300\" srcset=\"https:\/\/agora.xtec.cat\/iesdelvoltreganes\/wp-content\/uploads\/usu618\/2024\/04\/IMG-20240405-WA0003-225x300.jpg 225w, https:\/\/agora.xtec.cat\/iesdelvoltreganes\/wp-content\/uploads\/usu618\/2024\/04\/IMG-20240405-WA0003-768x1024.jpg 768w, https:\/\/agora.xtec.cat\/iesdelvoltreganes\/wp-content\/uploads\/usu618\/2024\/04\/IMG-20240405-WA0003-1152x1536.jpg 1152w, https:\/\/agora.xtec.cat\/iesdelvoltreganes\/wp-content\/uploads\/usu618\/2024\/04\/IMG-20240405-WA0003.jpg 1200w\" sizes=\"auto, (max-width: 225px) 100vw, 225px\" \/><\/a><\/p>\n","protected":false},"excerpt":{"rendered":"<p>Aquest dimarts, a la biblioteca Marqu\u00e8s de Remisa de Sant Hip\u00f2lit de Voltreg\u00e0, a les 5h de la tarda, va tenir lloc l&#8217;acte de cloenda del projecte &#8220;Relats de vida&#8221; d&#8217;aquest segon trimestre. De fet, aquesta cloenda es va convertir en la presentaci\u00f3 del llibre&hellip;  <a href=\"https:\/\/agora.xtec.cat\/iesdelvoltreganes\/general\/nn\/\" title=\"Read Presentaci\u00f3 del llibre de relats a la biblioteca Marqu\u00e8s de Remisa de Sant Hip\u00f2lit de Voltreg\u00e0\">Llegeix m\u00e9s\u00bb<\/a><\/p>\n","protected":false},"author":6,"featured_media":0,"comment_status":"closed","ping_status":"closed","sticky":false,"template":"","format":"standard","meta":{"_bbp_topic_count":0,"_bbp_reply_count":0,"_bbp_total_topic_count":0,"_bbp_total_reply_count":0,"_bbp_voice_count":0,"_bbp_anonymous_reply_count":0,"_bbp_topic_count_hidden":0,"_bbp_reply_count_hidden":0,"_bbp_forum_subforum_count":0,"footnotes":""},"categories":[7,1,29],"tags":[],"class_list":["post-6502","post","type-post","status-publish","format-standard","hentry","category-eso-4","category-general","category-portada"],"post_mailing_queue_ids":[],"_links":{"self":[{"href":"https:\/\/agora.xtec.cat\/iesdelvoltreganes\/wp-json\/wp\/v2\/posts\/6502","targetHints":{"allow":["GET"]}}],"collection":[{"href":"https:\/\/agora.xtec.cat\/iesdelvoltreganes\/wp-json\/wp\/v2\/posts"}],"about":[{"href":"https:\/\/agora.xtec.cat\/iesdelvoltreganes\/wp-json\/wp\/v2\/types\/post"}],"author":[{"embeddable":true,"href":"https:\/\/agora.xtec.cat\/iesdelvoltreganes\/wp-json\/wp\/v2\/users\/6"}],"replies":[{"embeddable":true,"href":"https:\/\/agora.xtec.cat\/iesdelvoltreganes\/wp-json\/wp\/v2\/comments?post=6502"}],"version-history":[{"count":3,"href":"https:\/\/agora.xtec.cat\/iesdelvoltreganes\/wp-json\/wp\/v2\/posts\/6502\/revisions"}],"predecessor-version":[{"id":6506,"href":"https:\/\/agora.xtec.cat\/iesdelvoltreganes\/wp-json\/wp\/v2\/posts\/6502\/revisions\/6506"}],"wp:attachment":[{"href":"https:\/\/agora.xtec.cat\/iesdelvoltreganes\/wp-json\/wp\/v2\/media?parent=6502"}],"wp:term":[{"taxonomy":"category","embeddable":true,"href":"https:\/\/agora.xtec.cat\/iesdelvoltreganes\/wp-json\/wp\/v2\/categories?post=6502"},{"taxonomy":"post_tag","embeddable":true,"href":"https:\/\/agora.xtec.cat\/iesdelvoltreganes\/wp-json\/wp\/v2\/tags?post=6502"}],"curies":[{"name":"wp","href":"https:\/\/api.w.org\/{rel}","templated":true}]}}