{"id":6494,"date":"2024-04-03T10:39:29","date_gmt":"2024-04-03T08:39:29","guid":{"rendered":"https:\/\/agora.xtec.cat\/iesdelvoltreganes\/?p=6494"},"modified":"2024-04-03T10:41:30","modified_gmt":"2024-04-03T08:41:30","slug":"visita-al-monestir-de-sant-benet","status":"publish","type":"post","link":"https:\/\/agora.xtec.cat\/iesdelvoltreganes\/general\/visita-al-monestir-de-sant-benet\/","title":{"rendered":"Visita a M\u00f3n Sant Benet"},"content":{"rendered":"<p>Des de l&#8217;\u00e0rea de lleng\u00fces s&#8217;ha dut a terme aquesta sortida amb els alumnes de 2n d&#8217;ESO de l&#8217;institut aprofitant la recerca i el coneixement a partir de l&#8217;aprenentatge desenvolupat al llarg del trimestre de manera transversal amb la lectura obligat\u00f2ria del llibre &#8220;Laberintia&#8221; de llengua castellana i els continguts i sabers de la mat\u00e8ria de ci\u00e8ncies socials. Aix\u00ed, la visita al\u00a0 Monestir de Sant Benet ha estat un espai l\u00fadic d&#8217;aprenentatge participant en l&#8217;activitat &#8220;El monestir en joc&#8221;, i el taller de cuina medieval &#8220;Fem bullir l&#8217;edat mitjana&#8221; per part de la Fundaci\u00f3 Al\u00edcia com a oportunitat de valoritzaci\u00f3 de la hist\u00f2ria i l&#8217;alimentaci\u00f3.<\/p>\n","protected":false},"excerpt":{"rendered":"<p>Des de l&#8217;\u00e0rea de lleng\u00fces s&#8217;ha dut a terme aquesta sortida amb els alumnes de 2n d&#8217;ESO de l&#8217;institut aprofitant la recerca i el coneixement a partir de l&#8217;aprenentatge desenvolupat al llarg del trimestre de manera transversal amb la lectura obligat\u00f2ria del llibre &#8220;Laberintia&#8221; de&hellip;  <a href=\"https:\/\/agora.xtec.cat\/iesdelvoltreganes\/general\/visita-al-monestir-de-sant-benet\/\" title=\"Read Visita a M\u00f3n Sant Benet\">Llegeix m\u00e9s\u00bb<\/a><\/p>\n","protected":false},"author":6,"featured_media":0,"comment_status":"closed","ping_status":"closed","sticky":false,"template":"","format":"standard","meta":{"_bbp_topic_count":0,"_bbp_reply_count":0,"_bbp_total_topic_count":0,"_bbp_total_reply_count":0,"_bbp_voice_count":0,"_bbp_anonymous_reply_count":0,"_bbp_topic_count_hidden":0,"_bbp_reply_count_hidden":0,"_bbp_forum_subforum_count":0,"footnotes":""},"categories":[5,1,72,29],"tags":[39],"class_list":["post-6494","post","type-post","status-publish","format-standard","hentry","category-eso-2","category-general","category-llengues-i-literatura","category-portada","tag-sortides"],"post_mailing_queue_ids":[],"_links":{"self":[{"href":"https:\/\/agora.xtec.cat\/iesdelvoltreganes\/wp-json\/wp\/v2\/posts\/6494","targetHints":{"allow":["GET"]}}],"collection":[{"href":"https:\/\/agora.xtec.cat\/iesdelvoltreganes\/wp-json\/wp\/v2\/posts"}],"about":[{"href":"https:\/\/agora.xtec.cat\/iesdelvoltreganes\/wp-json\/wp\/v2\/types\/post"}],"author":[{"embeddable":true,"href":"https:\/\/agora.xtec.cat\/iesdelvoltreganes\/wp-json\/wp\/v2\/users\/6"}],"replies":[{"embeddable":true,"href":"https:\/\/agora.xtec.cat\/iesdelvoltreganes\/wp-json\/wp\/v2\/comments?post=6494"}],"version-history":[{"count":2,"href":"https:\/\/agora.xtec.cat\/iesdelvoltreganes\/wp-json\/wp\/v2\/posts\/6494\/revisions"}],"predecessor-version":[{"id":6496,"href":"https:\/\/agora.xtec.cat\/iesdelvoltreganes\/wp-json\/wp\/v2\/posts\/6494\/revisions\/6496"}],"wp:attachment":[{"href":"https:\/\/agora.xtec.cat\/iesdelvoltreganes\/wp-json\/wp\/v2\/media?parent=6494"}],"wp:term":[{"taxonomy":"category","embeddable":true,"href":"https:\/\/agora.xtec.cat\/iesdelvoltreganes\/wp-json\/wp\/v2\/categories?post=6494"},{"taxonomy":"post_tag","embeddable":true,"href":"https:\/\/agora.xtec.cat\/iesdelvoltreganes\/wp-json\/wp\/v2\/tags?post=6494"}],"curies":[{"name":"wp","href":"https:\/\/api.w.org\/{rel}","templated":true}]}}