{"id":6483,"date":"2024-03-31T17:17:19","date_gmt":"2024-03-31T15:17:19","guid":{"rendered":"https:\/\/agora.xtec.cat\/iesdelvoltreganes\/?p=6483"},"modified":"2024-03-31T17:17:19","modified_gmt":"2024-03-31T15:17:19","slug":"makers-3d","status":"publish","type":"post","link":"https:\/\/agora.xtec.cat\/iesdelvoltreganes\/general\/makers-3d\/","title":{"rendered":"Makers 3D"},"content":{"rendered":"<p>L&#8217;alumnat de 4t d&#8217;ESO de l&#8217;\u00e0mbit cientificotecnol\u00f2gic, aquest 2n trimestre ha estat fent, dins del programa de recercacreacioservei, el projecte Makers 3D. Aqu\u00ed teniu un resum de tot el proc\u00e9s seguit. Se&#8217;ls ha de felicitar.<\/p>\n<p><iframe loading=\"lazy\" title=\"YouTube video player\" src=\"\/\/www.youtube.com\/embed\/WGnafUgOD5o?si=Vul5zzDjGqOBs7QT\" width=\"560\" height=\"315\" frameborder=\"0\" allowfullscreen=\"allowfullscreen\"><\/iframe><\/p>\n","protected":false},"excerpt":{"rendered":"<p>L&#8217;alumnat de 4t d&#8217;ESO de l&#8217;\u00e0mbit cientificotecnol\u00f2gic, aquest 2n trimestre ha estat fent, dins del programa de recercacreacioservei, el projecte Makers 3D. Aqu\u00ed teniu un resum de tot el proc\u00e9s seguit. Se&#8217;ls ha de felicitar.<\/p>\n","protected":false},"author":6,"featured_media":6486,"comment_status":"closed","ping_status":"closed","sticky":false,"template":"","format":"standard","meta":{"_bbp_topic_count":0,"_bbp_reply_count":0,"_bbp_total_topic_count":0,"_bbp_total_reply_count":0,"_bbp_voice_count":0,"_bbp_anonymous_reply_count":0,"_bbp_topic_count_hidden":0,"_bbp_reply_count_hidden":0,"_bbp_forum_subforum_count":0,"footnotes":""},"categories":[7,1,29],"tags":[],"class_list":["post-6483","post","type-post","status-publish","format-standard","has-post-thumbnail","hentry","category-eso-4","category-general","category-portada"],"post_mailing_queue_ids":[],"_links":{"self":[{"href":"https:\/\/agora.xtec.cat\/iesdelvoltreganes\/wp-json\/wp\/v2\/posts\/6483","targetHints":{"allow":["GET"]}}],"collection":[{"href":"https:\/\/agora.xtec.cat\/iesdelvoltreganes\/wp-json\/wp\/v2\/posts"}],"about":[{"href":"https:\/\/agora.xtec.cat\/iesdelvoltreganes\/wp-json\/wp\/v2\/types\/post"}],"author":[{"embeddable":true,"href":"https:\/\/agora.xtec.cat\/iesdelvoltreganes\/wp-json\/wp\/v2\/users\/6"}],"replies":[{"embeddable":true,"href":"https:\/\/agora.xtec.cat\/iesdelvoltreganes\/wp-json\/wp\/v2\/comments?post=6483"}],"version-history":[{"count":2,"href":"https:\/\/agora.xtec.cat\/iesdelvoltreganes\/wp-json\/wp\/v2\/posts\/6483\/revisions"}],"predecessor-version":[{"id":6487,"href":"https:\/\/agora.xtec.cat\/iesdelvoltreganes\/wp-json\/wp\/v2\/posts\/6483\/revisions\/6487"}],"wp:featuredmedia":[{"embeddable":true,"href":"https:\/\/agora.xtec.cat\/iesdelvoltreganes\/wp-json\/wp\/v2\/media\/6486"}],"wp:attachment":[{"href":"https:\/\/agora.xtec.cat\/iesdelvoltreganes\/wp-json\/wp\/v2\/media?parent=6483"}],"wp:term":[{"taxonomy":"category","embeddable":true,"href":"https:\/\/agora.xtec.cat\/iesdelvoltreganes\/wp-json\/wp\/v2\/categories?post=6483"},{"taxonomy":"post_tag","embeddable":true,"href":"https:\/\/agora.xtec.cat\/iesdelvoltreganes\/wp-json\/wp\/v2\/tags?post=6483"}],"curies":[{"name":"wp","href":"https:\/\/api.w.org\/{rel}","templated":true}]}}