{"id":6470,"date":"2024-03-15T08:15:12","date_gmt":"2024-03-15T07:15:12","guid":{"rendered":"https:\/\/agora.xtec.cat\/iesdelvoltreganes\/?p=6470"},"modified":"2024-03-15T08:15:12","modified_gmt":"2024-03-15T07:15:12","slug":"excursio-a-la-vall-de-nuria","status":"publish","type":"post","link":"https:\/\/agora.xtec.cat\/iesdelvoltreganes\/general\/excursio-a-la-vall-de-nuria\/","title":{"rendered":"Excursi\u00f3 a la Vall de N\u00faria"},"content":{"rendered":"<p>El passat dijous 13 de mar\u00e7, els i les alumnes de 3r d\u2019ESO van realitzar una excursi\u00f3 a la Vall de N\u00faria, on van tenir l&#8217;oportunitat de gaudir de l&#8217;exposici\u00f3 &#8220;90 anys d&#8217;hist\u00f2ria del Cremallera de N\u00faria&#8221; i van rebre explicacions detallades sobre el funcionament del mecanisme que mou el tren, el piny\u00f3-cremallera, que transforma el moviment giratori d&#8217;un eix, en el qual va muntat un piny\u00f3, en moviment rectilini. Posteriorment, van embarcar en el cremallera i van explorar la vall fent una ruta amb raquetes. L&#8217;entorn, totalment vestit de blanc per la neu, va crear una escena de gran bellesa.<\/p>\n<p><a href=\"https:\/\/photos.app.goo.gl\/fooKC8e14CuuUSZx9\" target=\"_blank\" rel=\"noopener\"><img loading=\"lazy\" decoding=\"async\" class=\"aligncenter wp-image-6472 size-medium\" src=\"https:\/\/agora.xtec.cat\/iesdelvoltreganes\/wp-content\/uploads\/usu618\/2024\/03\/WhatsApp-Image-2024-03-13-at-15.56.28-300x225.jpeg\" alt=\"\" width=\"300\" height=\"225\" srcset=\"https:\/\/agora.xtec.cat\/iesdelvoltreganes\/wp-content\/uploads\/usu618\/2024\/03\/WhatsApp-Image-2024-03-13-at-15.56.28-300x225.jpeg 300w, https:\/\/agora.xtec.cat\/iesdelvoltreganes\/wp-content\/uploads\/usu618\/2024\/03\/WhatsApp-Image-2024-03-13-at-15.56.28-1024x768.jpeg 1024w, https:\/\/agora.xtec.cat\/iesdelvoltreganes\/wp-content\/uploads\/usu618\/2024\/03\/WhatsApp-Image-2024-03-13-at-15.56.28-768x576.jpeg 768w, https:\/\/agora.xtec.cat\/iesdelvoltreganes\/wp-content\/uploads\/usu618\/2024\/03\/WhatsApp-Image-2024-03-13-at-15.56.28-1536x1152.jpeg 1536w, https:\/\/agora.xtec.cat\/iesdelvoltreganes\/wp-content\/uploads\/usu618\/2024\/03\/WhatsApp-Image-2024-03-13-at-15.56.28-200x150.jpeg 200w, https:\/\/agora.xtec.cat\/iesdelvoltreganes\/wp-content\/uploads\/usu618\/2024\/03\/WhatsApp-Image-2024-03-13-at-15.56.28.jpeg 2048w\" sizes=\"auto, (max-width: 300px) 100vw, 300px\" \/><\/a><\/p>\n","protected":false},"excerpt":{"rendered":"<p>El passat dijous 13 de mar\u00e7, els i les alumnes de 3r d\u2019ESO van realitzar una excursi\u00f3 a la Vall de N\u00faria, on van tenir l&#8217;oportunitat de gaudir de l&#8217;exposici\u00f3 &#8220;90 anys d&#8217;hist\u00f2ria del Cremallera de N\u00faria&#8221; i van rebre explicacions detallades sobre el funcionament&hellip;  <a href=\"https:\/\/agora.xtec.cat\/iesdelvoltreganes\/general\/excursio-a-la-vall-de-nuria\/\" title=\"Read Excursi\u00f3 a la Vall de N\u00faria\">Llegeix m\u00e9s\u00bb<\/a><\/p>\n","protected":false},"author":6,"featured_media":0,"comment_status":"closed","ping_status":"closed","sticky":false,"template":"","format":"standard","meta":{"_bbp_topic_count":0,"_bbp_reply_count":0,"_bbp_total_topic_count":0,"_bbp_total_reply_count":0,"_bbp_voice_count":0,"_bbp_anonymous_reply_count":0,"_bbp_topic_count_hidden":0,"_bbp_reply_count_hidden":0,"_bbp_forum_subforum_count":0,"footnotes":""},"categories":[6,1,29,64],"tags":[39],"class_list":["post-6470","post","type-post","status-publish","format-standard","hentry","category-eso-3","category-general","category-portada","category-tecnologia","tag-sortides"],"post_mailing_queue_ids":[],"_links":{"self":[{"href":"https:\/\/agora.xtec.cat\/iesdelvoltreganes\/wp-json\/wp\/v2\/posts\/6470","targetHints":{"allow":["GET"]}}],"collection":[{"href":"https:\/\/agora.xtec.cat\/iesdelvoltreganes\/wp-json\/wp\/v2\/posts"}],"about":[{"href":"https:\/\/agora.xtec.cat\/iesdelvoltreganes\/wp-json\/wp\/v2\/types\/post"}],"author":[{"embeddable":true,"href":"https:\/\/agora.xtec.cat\/iesdelvoltreganes\/wp-json\/wp\/v2\/users\/6"}],"replies":[{"embeddable":true,"href":"https:\/\/agora.xtec.cat\/iesdelvoltreganes\/wp-json\/wp\/v2\/comments?post=6470"}],"version-history":[{"count":2,"href":"https:\/\/agora.xtec.cat\/iesdelvoltreganes\/wp-json\/wp\/v2\/posts\/6470\/revisions"}],"predecessor-version":[{"id":6473,"href":"https:\/\/agora.xtec.cat\/iesdelvoltreganes\/wp-json\/wp\/v2\/posts\/6470\/revisions\/6473"}],"wp:attachment":[{"href":"https:\/\/agora.xtec.cat\/iesdelvoltreganes\/wp-json\/wp\/v2\/media?parent=6470"}],"wp:term":[{"taxonomy":"category","embeddable":true,"href":"https:\/\/agora.xtec.cat\/iesdelvoltreganes\/wp-json\/wp\/v2\/categories?post=6470"},{"taxonomy":"post_tag","embeddable":true,"href":"https:\/\/agora.xtec.cat\/iesdelvoltreganes\/wp-json\/wp\/v2\/tags?post=6470"}],"curies":[{"name":"wp","href":"https:\/\/api.w.org\/{rel}","templated":true}]}}