{"id":6461,"date":"2024-03-07T13:18:09","date_gmt":"2024-03-07T12:18:09","guid":{"rendered":"https:\/\/agora.xtec.cat\/iesdelvoltreganes\/?p=6461"},"modified":"2024-03-07T13:18:09","modified_gmt":"2024-03-07T12:18:09","slug":"relats-de-vida","status":"publish","type":"post","link":"https:\/\/agora.xtec.cat\/iesdelvoltreganes\/general\/relats-de-vida\/","title":{"rendered":"Relats de vida"},"content":{"rendered":"<p>L\u2019alumnat de 4t d&#8217;ESO que fem el projecte &#8220;Relats de vida&#8221;, dins de la mat\u00e8ria Recerca, Creaci\u00f3 i Servei, us volem dir que ja tenim acabat el nostre llibre. Aquest \u00e9s el producte final del repte d&#8217;escriure un llibre de relats, amb la col\u00b7laboraci\u00f3 dels avis de l&#8217;associaci\u00f3 Messaia.<\/p>\n<p>Despr\u00e9s d&#8217;uns mesos de treball i esfor\u00e7, ja us podem ensenyar la portada d\u2019aquest llibre, que estar\u00e0 a la venda per Sant Jordi i que creiem que ens ha quedat b\u00e9 i us agradar\u00e0 molt.<\/p>\n<p>Compreu-lo i ens ajudareu amb el nostre viatge de final de curs!<br \/>\n<a href=\"https:\/\/agora.xtec.cat\/iesdelvoltreganes\/wp-content\/uploads\/usu618\/2024\/03\/Portada-1.png\"><img loading=\"lazy\" decoding=\"async\" class=\"size-medium wp-image-6462 aligncenter\" src=\"https:\/\/agora.xtec.cat\/iesdelvoltreganes\/wp-content\/uploads\/usu618\/2024\/03\/Portada-1-188x300.png\" alt=\"\" width=\"188\" height=\"300\" srcset=\"https:\/\/agora.xtec.cat\/iesdelvoltreganes\/wp-content\/uploads\/usu618\/2024\/03\/Portada-1-188x300.png 188w, https:\/\/agora.xtec.cat\/iesdelvoltreganes\/wp-content\/uploads\/usu618\/2024\/03\/Portada-1-642x1024.png 642w, https:\/\/agora.xtec.cat\/iesdelvoltreganes\/wp-content\/uploads\/usu618\/2024\/03\/Portada-1-768x1226.png 768w, https:\/\/agora.xtec.cat\/iesdelvoltreganes\/wp-content\/uploads\/usu618\/2024\/03\/Portada-1-962x1536.png 962w, https:\/\/agora.xtec.cat\/iesdelvoltreganes\/wp-content\/uploads\/usu618\/2024\/03\/Portada-1.png 1283w\" sizes=\"auto, (max-width: 188px) 100vw, 188px\" \/><\/a><\/p>\n","protected":false},"excerpt":{"rendered":"<p>L\u2019alumnat de 4t d&#8217;ESO que fem el projecte &#8220;Relats de vida&#8221;, dins de la mat\u00e8ria Recerca, Creaci\u00f3 i Servei, us volem dir que ja tenim acabat el nostre llibre. Aquest \u00e9s el producte final del repte d&#8217;escriure un llibre de relats, amb la col\u00b7laboraci\u00f3 dels&hellip;  <a href=\"https:\/\/agora.xtec.cat\/iesdelvoltreganes\/general\/relats-de-vida\/\" title=\"Read Relats de vida\">Llegeix m\u00e9s\u00bb<\/a><\/p>\n","protected":false},"author":6,"featured_media":0,"comment_status":"closed","ping_status":"closed","sticky":false,"template":"","format":"standard","meta":{"_bbp_topic_count":0,"_bbp_reply_count":0,"_bbp_total_topic_count":0,"_bbp_total_reply_count":0,"_bbp_voice_count":0,"_bbp_anonymous_reply_count":0,"_bbp_topic_count_hidden":0,"_bbp_reply_count_hidden":0,"_bbp_forum_subforum_count":0,"footnotes":""},"categories":[7,1,72,29],"tags":[82],"class_list":["post-6461","post","type-post","status-publish","format-standard","hentry","category-eso-4","category-general","category-llengues-i-literatura","category-portada","tag-llibres"],"post_mailing_queue_ids":[],"_links":{"self":[{"href":"https:\/\/agora.xtec.cat\/iesdelvoltreganes\/wp-json\/wp\/v2\/posts\/6461","targetHints":{"allow":["GET"]}}],"collection":[{"href":"https:\/\/agora.xtec.cat\/iesdelvoltreganes\/wp-json\/wp\/v2\/posts"}],"about":[{"href":"https:\/\/agora.xtec.cat\/iesdelvoltreganes\/wp-json\/wp\/v2\/types\/post"}],"author":[{"embeddable":true,"href":"https:\/\/agora.xtec.cat\/iesdelvoltreganes\/wp-json\/wp\/v2\/users\/6"}],"replies":[{"embeddable":true,"href":"https:\/\/agora.xtec.cat\/iesdelvoltreganes\/wp-json\/wp\/v2\/comments?post=6461"}],"version-history":[{"count":1,"href":"https:\/\/agora.xtec.cat\/iesdelvoltreganes\/wp-json\/wp\/v2\/posts\/6461\/revisions"}],"predecessor-version":[{"id":6463,"href":"https:\/\/agora.xtec.cat\/iesdelvoltreganes\/wp-json\/wp\/v2\/posts\/6461\/revisions\/6463"}],"wp:attachment":[{"href":"https:\/\/agora.xtec.cat\/iesdelvoltreganes\/wp-json\/wp\/v2\/media?parent=6461"}],"wp:term":[{"taxonomy":"category","embeddable":true,"href":"https:\/\/agora.xtec.cat\/iesdelvoltreganes\/wp-json\/wp\/v2\/categories?post=6461"},{"taxonomy":"post_tag","embeddable":true,"href":"https:\/\/agora.xtec.cat\/iesdelvoltreganes\/wp-json\/wp\/v2\/tags?post=6461"}],"curies":[{"name":"wp","href":"https:\/\/api.w.org\/{rel}","templated":true}]}}