{"id":6450,"date":"2024-03-04T11:55:42","date_gmt":"2024-03-04T10:55:42","guid":{"rendered":"https:\/\/agora.xtec.cat\/iesdelvoltreganes\/?p=6450"},"modified":"2024-03-04T11:55:42","modified_gmt":"2024-03-04T10:55:42","slug":"rcs-maker-3d","status":"publish","type":"post","link":"https:\/\/agora.xtec.cat\/iesdelvoltreganes\/general\/rcs-maker-3d\/","title":{"rendered":"RCS Maker 3D"},"content":{"rendered":"<p>Dijous passat el Techhub de Manlleu ens va tornar a visitar en el marc de la col\u00b7laboraci\u00f3 en el projecte de RCS Maker 3D. Estem treballant junts per facilitar la vida dels avis i \u00e0vies de la resid\u00e8ncia del poble, alhora que fomentem la cultura maker. Un agra\u00efment especial a en Daniel i en Marc per la seva dedicaci\u00f3! #Techhub #CulturaMaker #Recercacreaci\u00f3servei<\/p>\n<p><a href=\"https:\/\/agora.xtec.cat\/iesdelvoltreganes\/wp-content\/uploads\/usu618\/2024\/03\/WhatsApp-Image-2024-03-03-at-12.01.35-1.jpeg\"><img loading=\"lazy\" decoding=\"async\" class=\"size-medium wp-image-6451 aligncenter\" src=\"https:\/\/agora.xtec.cat\/iesdelvoltreganes\/wp-content\/uploads\/usu618\/2024\/03\/WhatsApp-Image-2024-03-03-at-12.01.35-1-300x225.jpeg\" alt=\"\" width=\"300\" height=\"225\" srcset=\"https:\/\/agora.xtec.cat\/iesdelvoltreganes\/wp-content\/uploads\/usu618\/2024\/03\/WhatsApp-Image-2024-03-03-at-12.01.35-1-300x225.jpeg 300w, https:\/\/agora.xtec.cat\/iesdelvoltreganes\/wp-content\/uploads\/usu618\/2024\/03\/WhatsApp-Image-2024-03-03-at-12.01.35-1-1024x769.jpeg 1024w, https:\/\/agora.xtec.cat\/iesdelvoltreganes\/wp-content\/uploads\/usu618\/2024\/03\/WhatsApp-Image-2024-03-03-at-12.01.35-1-768x576.jpeg 768w, https:\/\/agora.xtec.cat\/iesdelvoltreganes\/wp-content\/uploads\/usu618\/2024\/03\/WhatsApp-Image-2024-03-03-at-12.01.35-1-1536x1153.jpeg 1536w, https:\/\/agora.xtec.cat\/iesdelvoltreganes\/wp-content\/uploads\/usu618\/2024\/03\/WhatsApp-Image-2024-03-03-at-12.01.35-1-200x150.jpeg 200w, https:\/\/agora.xtec.cat\/iesdelvoltreganes\/wp-content\/uploads\/usu618\/2024\/03\/WhatsApp-Image-2024-03-03-at-12.01.35-1.jpeg 2048w\" sizes=\"auto, (max-width: 300px) 100vw, 300px\" \/><\/a><\/p>\n","protected":false},"excerpt":{"rendered":"<p>Dijous passat el Techhub de Manlleu ens va tornar a visitar en el marc de la col\u00b7laboraci\u00f3 en el projecte de RCS Maker 3D. Estem treballant junts per facilitar la vida dels avis i \u00e0vies de la resid\u00e8ncia del poble, alhora que fomentem la cultura&hellip;  <a href=\"https:\/\/agora.xtec.cat\/iesdelvoltreganes\/general\/rcs-maker-3d\/\" title=\"Read RCS Maker 3D\">Llegeix m\u00e9s\u00bb<\/a><\/p>\n","protected":false},"author":6,"featured_media":0,"comment_status":"closed","ping_status":"closed","sticky":false,"template":"","format":"standard","meta":{"_bbp_topic_count":0,"_bbp_reply_count":0,"_bbp_total_topic_count":0,"_bbp_total_reply_count":0,"_bbp_voice_count":0,"_bbp_anonymous_reply_count":0,"_bbp_topic_count_hidden":0,"_bbp_reply_count_hidden":0,"_bbp_forum_subforum_count":0,"footnotes":""},"categories":[7,1,29],"tags":[],"class_list":["post-6450","post","type-post","status-publish","format-standard","hentry","category-eso-4","category-general","category-portada"],"post_mailing_queue_ids":[],"_links":{"self":[{"href":"https:\/\/agora.xtec.cat\/iesdelvoltreganes\/wp-json\/wp\/v2\/posts\/6450","targetHints":{"allow":["GET"]}}],"collection":[{"href":"https:\/\/agora.xtec.cat\/iesdelvoltreganes\/wp-json\/wp\/v2\/posts"}],"about":[{"href":"https:\/\/agora.xtec.cat\/iesdelvoltreganes\/wp-json\/wp\/v2\/types\/post"}],"author":[{"embeddable":true,"href":"https:\/\/agora.xtec.cat\/iesdelvoltreganes\/wp-json\/wp\/v2\/users\/6"}],"replies":[{"embeddable":true,"href":"https:\/\/agora.xtec.cat\/iesdelvoltreganes\/wp-json\/wp\/v2\/comments?post=6450"}],"version-history":[{"count":1,"href":"https:\/\/agora.xtec.cat\/iesdelvoltreganes\/wp-json\/wp\/v2\/posts\/6450\/revisions"}],"predecessor-version":[{"id":6452,"href":"https:\/\/agora.xtec.cat\/iesdelvoltreganes\/wp-json\/wp\/v2\/posts\/6450\/revisions\/6452"}],"wp:attachment":[{"href":"https:\/\/agora.xtec.cat\/iesdelvoltreganes\/wp-json\/wp\/v2\/media?parent=6450"}],"wp:term":[{"taxonomy":"category","embeddable":true,"href":"https:\/\/agora.xtec.cat\/iesdelvoltreganes\/wp-json\/wp\/v2\/categories?post=6450"},{"taxonomy":"post_tag","embeddable":true,"href":"https:\/\/agora.xtec.cat\/iesdelvoltreganes\/wp-json\/wp\/v2\/tags?post=6450"}],"curies":[{"name":"wp","href":"https:\/\/api.w.org\/{rel}","templated":true}]}}