{"id":6445,"date":"2024-06-26T11:14:53","date_gmt":"2024-06-26T09:14:53","guid":{"rendered":"https:\/\/agora.xtec.cat\/iesdelvoltreganes\/?p=6445"},"modified":"2024-07-01T15:04:02","modified_gmt":"2024-07-01T13:04:02","slug":"preinscripcio-eso-curs-2024-2025","status":"publish","type":"post","link":"https:\/\/agora.xtec.cat\/iesdelvoltreganes\/general\/preinscripcio-eso-curs-2024-2025\/","title":{"rendered":"Preinscripci\u00f3 ESO i batxillerat curs 2024-2025"},"content":{"rendered":"<div>\n<h4><strong>Preinscripci\u00f3 batxillerat: del 18 al 25 d\u2019abril, nom\u00e9s per als alumnes que no s\u00f3n del centre<\/strong><\/h4>\n<\/div>\n<p><a href=\"https:\/\/drive.google.com\/file\/d\/1iy4FLaU3UNRLYMsps8ZExqzgCNYBVejK\/view?usp=sharing\" target=\"_blank\" rel=\"noopener\">Informaci\u00f3 i calendari<\/a><\/p>\n<div>\n<div><a href=\"https:\/\/drive.google.com\/file\/d\/1vwVkcOSCSBFGn-V5YRhg8SnEu93kyjfG\/view?usp=sharing\" target=\"_blank\" rel=\"noopener\">Oferta inicial<\/a><\/div>\n<\/div>\n<p><a href=\"https:\/\/drive.google.com\/file\/d\/1QwMZDdlbNbBtOZoIotLHLJ8ayOoBCRNy\/view?usp=sharing\" target=\"_blank\" rel=\"noopener\">Llista de sol\u00b7licituds que han demanat el centre i l&#8217;ensenyament en primera petici\u00f3 amb la puntuaci\u00f3 resoltes les reclamacions a 29\/05\/2024<\/a><\/p>\n<p><a href=\"https:\/\/drive.google.com\/file\/d\/10hH7TvobSQlHuOusynJAwH2izcIGCIze\/view?usp=sharing\" target=\"_blank\" rel=\"noopener\">Llista definitiva<\/a><\/p>\n<p><a href=\"https:\/\/drive.google.com\/file\/d\/1HQ7k9js03Bc-D5x9-HvQbYjUNzI5DtT0\/view?usp=sharing\" target=\"_blank\" rel=\"noopener\">Alumnes preinscrits al centre 20\/06\/2024<\/a><\/p>\n<p><a href=\"https:\/\/drive.google.com\/file\/d\/1VBWDBC9gHZHHP4nfNpO5x7glSTCi3--u\/view?usp=sharing\" target=\"_blank\" rel=\"noopener\">Publicaci\u00f3 de la llista d&#8217;espera del centre a 20\/06\/2024<\/a><\/p>\n<p><a href=\"https:\/\/drive.google.com\/file\/d\/12W-uhIvuOe-bMQ81o0Q-4yBSkUB3OKrs\/view?usp=sharing\" target=\"_blank\" rel=\"noopener\">Jornada de portes obertes<\/a><\/p>\n<div>\n<h4><strong>Preinscripci\u00f3 ESO: del 8 al 20 de mar\u00e7\u00a0<\/strong><\/h4>\n<\/div>\n<div><\/div>\n<p>Informaci\u00f3 fam\u00edlies preinscripci\u00f3:\u00a0<a href=\"https:\/\/preinscripcio.gencat.cat\/ca\/estudis\/eso\/inici\/\" target=\"_blank\" rel=\"noopener\" data-saferedirecturl=\"https:\/\/www.google.com\/url?q=https:\/\/preinscripcio.gencat.cat\/ca\/estudis\/eso\/inici\/&amp;source=gmail&amp;ust=1709460760941000&amp;usg=AOvVaw0dOFNzpwZvthy9Y9y9l-J6\">Sol\u00b7licitud<\/a><\/p>\n<p><a href=\"https:\/\/drive.google.com\/file\/d\/1ZasO7rtx6pKo2KfWYmtaPcOhe5taLHr2\/view?usp=sharing\" target=\"_blank\" rel=\"noopener\">Publicaci\u00f3 de l&#8217;oferta inicial de places<\/a><\/p>\n<p><a href=\"https:\/\/drive.google.com\/file\/d\/1FU4s_SfA04rnfJLm49NY_m7JjppOUWze\/view?usp=sharing\" target=\"_blank\" rel=\"noopener\">Sol\u00b7licituds que han demanat el centre en primera petici\u00f3 (17\/02\/24)<\/a><\/p>\n<p><a href=\"https:\/\/drive.google.com\/file\/d\/1WzfuFIFHk_GMqqxzs7bNS3Uc6GSHQd-G\/view?usp=sharing\" target=\"_blank\" rel=\"noopener\">Sol\u00b7licituds que han demanat el centre resoltes les reclamacions (25\/04\/2024)<\/a><\/p>\n<p><a href=\"https:\/\/drive.google.com\/file\/d\/1s5IJWy6ycfsSCZolTLDRGdz0irvElP7b\/view?usp=sharing\" target=\"_blank\" rel=\"noopener\">Sol\u00b7licituds definitives que han demanat el centre ordenada a 02\/05\/2024<\/a><\/p>\n<p><a href=\"https:\/\/drive.google.com\/file\/d\/1SqJa9Wd4vi6pRNJjaE2XQUpayTPMajOV\/view?usp=sharing\" target=\"_blank\" rel=\"noopener\">Publicaci\u00f3 de l&#8217;oferta definitiva de places<\/a><\/p>\n<p><a href=\"https:\/\/drive.google.com\/file\/d\/1S2hp98sPSkUdcBFOtmgvPBcm89mZNp-F\/view?usp=sharing\" target=\"_blank\" rel=\"noopener\">Llistat d&#8217;alumnes preinscrits<\/a><\/p>\n<p><a href=\"https:\/\/drive.google.com\/file\/d\/1yMp_JPFkcADCq_edthreswo6szS_Z8Bk\/view?usp=sharing\" target=\"_blank\" rel=\"noopener\">Llistat d&#8217;alumnes assignats<\/a><\/p>\n","protected":false},"excerpt":{"rendered":"<p>Preinscripci\u00f3 batxillerat: del 18 al 25 d\u2019abril, nom\u00e9s per als alumnes que no s\u00f3n del centre<\/p>\n<p><a href=\"https:\/\/drive.google.com\/file\/d\/1iy4FLaU3UNRLYMsps8ZExqzgCNYBVejK\/view?usp=sharing\" target=\"_blank\" rel=\"noopener\">Informaci\u00f3 i calendari<\/a><\/p>\n<p><a href=\"https:\/\/drive.google.com\/file\/d\/1vwVkcOSCSBFGn-V5YRhg8SnEu93kyjfG\/view?usp=sharing\" target=\"_blank\" rel=\"noopener\">Oferta inicial<\/a><\/p>\n<p><a href=\"https:\/\/drive.google.com\/file\/d\/1QwMZDdlbNbBtOZoIotLHLJ8ayOoBCRNy\/view?usp=sharing\" target=\"_blank\" rel=\"noopener\">Llista de sol\u00b7licituds que han demanat el centre i l&#8217;ensenyament en primera petici\u00f3 amb la puntuaci\u00f3 resoltes les&hellip;  <a href=\"https:\/\/agora.xtec.cat\/iesdelvoltreganes\/general\/preinscripcio-eso-curs-2024-2025\/\" title=\"Read Preinscripci\u00f3 ESO i batxillerat curs 2024-2025\">Llegeix m\u00e9s\u00bb<\/a><\/p>\n","protected":false},"author":6,"featured_media":0,"comment_status":"closed","ping_status":"closed","sticky":false,"template":"","format":"standard","meta":{"_bbp_topic_count":0,"_bbp_reply_count":0,"_bbp_total_topic_count":0,"_bbp_total_reply_count":0,"_bbp_voice_count":0,"_bbp_anonymous_reply_count":0,"_bbp_topic_count_hidden":0,"_bbp_reply_count_hidden":0,"_bbp_forum_subforum_count":0,"footnotes":""},"categories":[1,29],"tags":[],"class_list":["post-6445","post","type-post","status-publish","format-standard","hentry","category-general","category-portada"],"post_mailing_queue_ids":[],"_links":{"self":[{"href":"https:\/\/agora.xtec.cat\/iesdelvoltreganes\/wp-json\/wp\/v2\/posts\/6445","targetHints":{"allow":["GET"]}}],"collection":[{"href":"https:\/\/agora.xtec.cat\/iesdelvoltreganes\/wp-json\/wp\/v2\/posts"}],"about":[{"href":"https:\/\/agora.xtec.cat\/iesdelvoltreganes\/wp-json\/wp\/v2\/types\/post"}],"author":[{"embeddable":true,"href":"https:\/\/agora.xtec.cat\/iesdelvoltreganes\/wp-json\/wp\/v2\/users\/6"}],"replies":[{"embeddable":true,"href":"https:\/\/agora.xtec.cat\/iesdelvoltreganes\/wp-json\/wp\/v2\/comments?post=6445"}],"version-history":[{"count":7,"href":"https:\/\/agora.xtec.cat\/iesdelvoltreganes\/wp-json\/wp\/v2\/posts\/6445\/revisions"}],"predecessor-version":[{"id":6698,"href":"https:\/\/agora.xtec.cat\/iesdelvoltreganes\/wp-json\/wp\/v2\/posts\/6445\/revisions\/6698"}],"wp:attachment":[{"href":"https:\/\/agora.xtec.cat\/iesdelvoltreganes\/wp-json\/wp\/v2\/media?parent=6445"}],"wp:term":[{"taxonomy":"category","embeddable":true,"href":"https:\/\/agora.xtec.cat\/iesdelvoltreganes\/wp-json\/wp\/v2\/categories?post=6445"},{"taxonomy":"post_tag","embeddable":true,"href":"https:\/\/agora.xtec.cat\/iesdelvoltreganes\/wp-json\/wp\/v2\/tags?post=6445"}],"curies":[{"name":"wp","href":"https:\/\/api.w.org\/{rel}","templated":true}]}}