{"id":6440,"date":"2024-02-28T09:31:30","date_gmt":"2024-02-28T08:31:30","guid":{"rendered":"https:\/\/agora.xtec.cat\/iesdelvoltreganes\/?p=6440"},"modified":"2024-02-28T09:32:20","modified_gmt":"2024-02-28T08:32:20","slug":"taller-de-composicio-i-rapsodia-poetica","status":"publish","type":"post","link":"https:\/\/agora.xtec.cat\/iesdelvoltreganes\/general\/taller-de-composicio-i-rapsodia-poetica\/","title":{"rendered":"Taller de composici\u00f3 i raps\u00f2dia po\u00e8tica"},"content":{"rendered":"<p>Dimecres 21 de febrer ens va acompanyar en Ramon Bartrina, poeta, editor i agitador cultural. Va impartir un Taller de composici\u00f3 i raps\u00f2dia po\u00e8tica als alumnes de 3r d&#8217;ESO. El plantejament parteix de temes compartits que preocupen o commouen als alumnes. L&#8217;alumne tria lliurament el tema sobre el qual vol escriure el poema i, a partir d&#8217;unes senzilles premises suggerides pel poeta, els textos van cobrant vida. Posteriorment, hi ha una part de raps\u00f2dia dels textos amb certes indicacions per part d&#8217;en Ramon. Els resultats: han aparegut molts de textos interessants i po\u00e8tics, els quals han plagut\u00a0a alumnes i professor. Tot plegat, una experi\u00e8ncia molt interessant i enriquidora.<\/p>\n<p><a href=\"https:\/\/agora.xtec.cat\/iesdelvoltreganes\/wp-content\/uploads\/usu618\/2024\/02\/IMG_2178.jpg\"><img loading=\"lazy\" decoding=\"async\" class=\"size-medium wp-image-6441 aligncenter\" src=\"https:\/\/agora.xtec.cat\/iesdelvoltreganes\/wp-content\/uploads\/usu618\/2024\/02\/IMG_2178-300x225.jpg\" alt=\"\" width=\"300\" height=\"225\" srcset=\"https:\/\/agora.xtec.cat\/iesdelvoltreganes\/wp-content\/uploads\/usu618\/2024\/02\/IMG_2178-300x225.jpg 300w, https:\/\/agora.xtec.cat\/iesdelvoltreganes\/wp-content\/uploads\/usu618\/2024\/02\/IMG_2178-1024x768.jpg 1024w, https:\/\/agora.xtec.cat\/iesdelvoltreganes\/wp-content\/uploads\/usu618\/2024\/02\/IMG_2178-768x576.jpg 768w, https:\/\/agora.xtec.cat\/iesdelvoltreganes\/wp-content\/uploads\/usu618\/2024\/02\/IMG_2178-1536x1152.jpg 1536w, https:\/\/agora.xtec.cat\/iesdelvoltreganes\/wp-content\/uploads\/usu618\/2024\/02\/IMG_2178-200x150.jpg 200w, https:\/\/agora.xtec.cat\/iesdelvoltreganes\/wp-content\/uploads\/usu618\/2024\/02\/IMG_2178.jpg 2016w\" sizes=\"auto, (max-width: 300px) 100vw, 300px\" \/><\/a><\/p>\n<p><a href=\"https:\/\/agora.xtec.cat\/iesdelvoltreganes\/wp-content\/uploads\/usu618\/2024\/02\/IMG_2187.jpg\"><img loading=\"lazy\" decoding=\"async\" class=\"size-medium wp-image-6442 aligncenter\" src=\"https:\/\/agora.xtec.cat\/iesdelvoltreganes\/wp-content\/uploads\/usu618\/2024\/02\/IMG_2187-300x225.jpg\" alt=\"\" width=\"300\" height=\"225\" srcset=\"https:\/\/agora.xtec.cat\/iesdelvoltreganes\/wp-content\/uploads\/usu618\/2024\/02\/IMG_2187-300x225.jpg 300w, https:\/\/agora.xtec.cat\/iesdelvoltreganes\/wp-content\/uploads\/usu618\/2024\/02\/IMG_2187-1024x768.jpg 1024w, https:\/\/agora.xtec.cat\/iesdelvoltreganes\/wp-content\/uploads\/usu618\/2024\/02\/IMG_2187-768x576.jpg 768w, https:\/\/agora.xtec.cat\/iesdelvoltreganes\/wp-content\/uploads\/usu618\/2024\/02\/IMG_2187-1536x1152.jpg 1536w, https:\/\/agora.xtec.cat\/iesdelvoltreganes\/wp-content\/uploads\/usu618\/2024\/02\/IMG_2187-200x150.jpg 200w, https:\/\/agora.xtec.cat\/iesdelvoltreganes\/wp-content\/uploads\/usu618\/2024\/02\/IMG_2187.jpg 2016w\" sizes=\"auto, (max-width: 300px) 100vw, 300px\" \/><\/a><\/p>\n","protected":false},"excerpt":{"rendered":"<p>Dimecres 21 de febrer ens va acompanyar en Ramon Bartrina, poeta, editor i agitador cultural. Va impartir un Taller de composici\u00f3 i raps\u00f2dia po\u00e8tica als alumnes de 3r d&#8217;ESO. El plantejament parteix de temes compartits que preocupen o commouen als alumnes. L&#8217;alumne tria lliurament el&hellip;  <a href=\"https:\/\/agora.xtec.cat\/iesdelvoltreganes\/general\/taller-de-composicio-i-rapsodia-poetica\/\" title=\"Read Taller de composici\u00f3 i raps\u00f2dia po\u00e8tica\">Llegeix m\u00e9s\u00bb<\/a><\/p>\n","protected":false},"author":6,"featured_media":0,"comment_status":"closed","ping_status":"closed","sticky":false,"template":"","format":"standard","meta":{"_bbp_topic_count":0,"_bbp_reply_count":0,"_bbp_total_topic_count":0,"_bbp_total_reply_count":0,"_bbp_voice_count":0,"_bbp_anonymous_reply_count":0,"_bbp_topic_count_hidden":0,"_bbp_reply_count_hidden":0,"_bbp_forum_subforum_count":0,"footnotes":""},"categories":[6,1,72,29],"tags":[58],"class_list":["post-6440","post","type-post","status-publish","format-standard","hentry","category-eso-3","category-general","category-llengues-i-literatura","category-portada","tag-tallers"],"post_mailing_queue_ids":[],"_links":{"self":[{"href":"https:\/\/agora.xtec.cat\/iesdelvoltreganes\/wp-json\/wp\/v2\/posts\/6440","targetHints":{"allow":["GET"]}}],"collection":[{"href":"https:\/\/agora.xtec.cat\/iesdelvoltreganes\/wp-json\/wp\/v2\/posts"}],"about":[{"href":"https:\/\/agora.xtec.cat\/iesdelvoltreganes\/wp-json\/wp\/v2\/types\/post"}],"author":[{"embeddable":true,"href":"https:\/\/agora.xtec.cat\/iesdelvoltreganes\/wp-json\/wp\/v2\/users\/6"}],"replies":[{"embeddable":true,"href":"https:\/\/agora.xtec.cat\/iesdelvoltreganes\/wp-json\/wp\/v2\/comments?post=6440"}],"version-history":[{"count":2,"href":"https:\/\/agora.xtec.cat\/iesdelvoltreganes\/wp-json\/wp\/v2\/posts\/6440\/revisions"}],"predecessor-version":[{"id":6444,"href":"https:\/\/agora.xtec.cat\/iesdelvoltreganes\/wp-json\/wp\/v2\/posts\/6440\/revisions\/6444"}],"wp:attachment":[{"href":"https:\/\/agora.xtec.cat\/iesdelvoltreganes\/wp-json\/wp\/v2\/media?parent=6440"}],"wp:term":[{"taxonomy":"category","embeddable":true,"href":"https:\/\/agora.xtec.cat\/iesdelvoltreganes\/wp-json\/wp\/v2\/categories?post=6440"},{"taxonomy":"post_tag","embeddable":true,"href":"https:\/\/agora.xtec.cat\/iesdelvoltreganes\/wp-json\/wp\/v2\/tags?post=6440"}],"curies":[{"name":"wp","href":"https:\/\/api.w.org\/{rel}","templated":true}]}}