{"id":6400,"date":"2024-01-28T19:32:26","date_gmt":"2024-01-28T18:32:26","guid":{"rendered":"https:\/\/agora.xtec.cat\/iesdelvoltreganes\/?p=6400"},"modified":"2024-01-28T19:47:16","modified_gmt":"2024-01-28T18:47:16","slug":"continuem-amb-letwinning-en-lassignatura-dalemany","status":"publish","type":"post","link":"https:\/\/agora.xtec.cat\/iesdelvoltreganes\/general\/continuem-amb-letwinning-en-lassignatura-dalemany\/","title":{"rendered":"Continuem amb l&#8217;eTwinning en l&#8217;assignatura d&#8217;alemany"},"content":{"rendered":"<div><a href=\"https:\/\/agora.xtec.cat\/iesdelvoltreganes\/wp-content\/uploads\/usu618\/2024\/01\/IMG_20240128_192123_377.jpg\"><img loading=\"lazy\" decoding=\"async\" class=\"size-medium wp-image-6401 aligncenter\" src=\"https:\/\/agora.xtec.cat\/iesdelvoltreganes\/wp-content\/uploads\/usu618\/2024\/01\/IMG_20240128_192123_377-300x177.jpg\" alt=\"\" width=\"300\" height=\"177\" srcset=\"https:\/\/agora.xtec.cat\/iesdelvoltreganes\/wp-content\/uploads\/usu618\/2024\/01\/IMG_20240128_192123_377-300x177.jpg 300w, https:\/\/agora.xtec.cat\/iesdelvoltreganes\/wp-content\/uploads\/usu618\/2024\/01\/IMG_20240128_192123_377-1024x604.jpg 1024w, https:\/\/agora.xtec.cat\/iesdelvoltreganes\/wp-content\/uploads\/usu618\/2024\/01\/IMG_20240128_192123_377-768x453.jpg 768w, https:\/\/agora.xtec.cat\/iesdelvoltreganes\/wp-content\/uploads\/usu618\/2024\/01\/IMG_20240128_192123_377.jpg 1292w\" sizes=\"auto, (max-width: 300px) 100vw, 300px\" \/><\/a><\/div>\n<div><\/div>\n<div><\/div>\n<div><\/div>\n<div><\/div>\n<p>4 instituts europeus (It\u00e0lia, Pol\u00f2nia, Turquia i Catalunya), 5 professores i professors de tots els centres participants, 70 estudiants dels quatre pa\u00efsos, 10 preguntes que portaven preparades per fer-se uns als altres i aix\u00ed con\u00e8ixer-se millor fent servir la llengua alemanya com a llengua vehicular.<\/p>\n<p>Aix\u00ed va ser la segona acci\u00f3 que fem amb l&#8217;alumnat de 2n i 3r d&#8217;ESO que imparteixen llengua alemanya com a assignatura optativa. Ens vam connectar tots online des de la plataforma ZOOM i vam estar compartint i coneixent-nos els uns als altres. Va sortir molt b\u00e9 i tothom va tenir l&#8217;oportunitat de preguntar i respondre preguntes que els feien.<\/p>\n<p>I aix\u00f2 no s&#8217;atura aqu\u00ed! Ara estem preparant v\u00eddeos explicant com \u00e9s el nostre pa\u00eds. El proper dia 20 de febrer ens tornarem a reunir tots els instituts i cadasc\u00fa mostrar\u00e0 el seu v\u00eddeo. Despr\u00e9s farem un Quizizz per veure si s&#8217;ha ent\u00e8s i tot en alemany!<\/p>\n","protected":false},"excerpt":{"rendered":"<p><a href=\"https:\/\/agora.xtec.cat\/iesdelvoltreganes\/wp-content\/uploads\/usu618\/2024\/01\/IMG_20240128_192123_377.jpg\"><\/a><\/p>\n<p>4 instituts europeus (It\u00e0lia, Pol\u00f2nia, Turquia i Catalunya), 5 professores i professors de tots els centres participants, 70 estudiants dels quatre pa\u00efsos, 10 preguntes que portaven preparades per fer-se uns als altres i aix\u00ed con\u00e8ixer-se millor fent servir la llengua alemanya com a llengua&hellip;  <a href=\"https:\/\/agora.xtec.cat\/iesdelvoltreganes\/general\/continuem-amb-letwinning-en-lassignatura-dalemany\/\" title=\"Read Continuem amb l&#8217;eTwinning en l&#8217;assignatura d&#8217;alemany\">Llegeix m\u00e9s\u00bb<\/a><\/p>\n","protected":false},"author":6,"featured_media":0,"comment_status":"closed","ping_status":"closed","sticky":false,"template":"","format":"standard","meta":{"_bbp_topic_count":0,"_bbp_reply_count":0,"_bbp_total_topic_count":0,"_bbp_total_reply_count":0,"_bbp_voice_count":0,"_bbp_anonymous_reply_count":0,"_bbp_topic_count_hidden":0,"_bbp_reply_count_hidden":0,"_bbp_forum_subforum_count":0,"footnotes":""},"categories":[1,71,29],"tags":[],"class_list":["post-6400","post","type-post","status-publish","format-standard","hentry","category-general","category-llengues-estrangeres","category-portada"],"post_mailing_queue_ids":[],"_links":{"self":[{"href":"https:\/\/agora.xtec.cat\/iesdelvoltreganes\/wp-json\/wp\/v2\/posts\/6400","targetHints":{"allow":["GET"]}}],"collection":[{"href":"https:\/\/agora.xtec.cat\/iesdelvoltreganes\/wp-json\/wp\/v2\/posts"}],"about":[{"href":"https:\/\/agora.xtec.cat\/iesdelvoltreganes\/wp-json\/wp\/v2\/types\/post"}],"author":[{"embeddable":true,"href":"https:\/\/agora.xtec.cat\/iesdelvoltreganes\/wp-json\/wp\/v2\/users\/6"}],"replies":[{"embeddable":true,"href":"https:\/\/agora.xtec.cat\/iesdelvoltreganes\/wp-json\/wp\/v2\/comments?post=6400"}],"version-history":[{"count":5,"href":"https:\/\/agora.xtec.cat\/iesdelvoltreganes\/wp-json\/wp\/v2\/posts\/6400\/revisions"}],"predecessor-version":[{"id":6413,"href":"https:\/\/agora.xtec.cat\/iesdelvoltreganes\/wp-json\/wp\/v2\/posts\/6400\/revisions\/6413"}],"wp:attachment":[{"href":"https:\/\/agora.xtec.cat\/iesdelvoltreganes\/wp-json\/wp\/v2\/media?parent=6400"}],"wp:term":[{"taxonomy":"category","embeddable":true,"href":"https:\/\/agora.xtec.cat\/iesdelvoltreganes\/wp-json\/wp\/v2\/categories?post=6400"},{"taxonomy":"post_tag","embeddable":true,"href":"https:\/\/agora.xtec.cat\/iesdelvoltreganes\/wp-json\/wp\/v2\/tags?post=6400"}],"curies":[{"name":"wp","href":"https:\/\/api.w.org\/{rel}","templated":true}]}}