{"id":6394,"date":"2024-01-19T17:54:27","date_gmt":"2024-01-19T16:54:27","guid":{"rendered":"https:\/\/agora.xtec.cat\/iesdelvoltreganes\/?p=6394"},"modified":"2024-01-23T13:43:38","modified_gmt":"2024-01-23T12:43:38","slug":"teatre-2","status":"publish","type":"post","link":"https:\/\/agora.xtec.cat\/iesdelvoltreganes\/general\/teatre-2\/","title":{"rendered":"Extraescolar de teatre"},"content":{"rendered":"<p style=\"text-align: left;\">Aquesta setmana ha comen\u00e7at l&#8217;extraescolar de teatre a l&#8217;Institut del Voltregan\u00e8s a c\u00e0rrec de l&#8217;actor i director Dobrin Plamenov. Creiem que aquesta \u00e9s una activitat molt enriquidora que ofereix als i les alumnes una oportunitat per expressar-se, cr\u00e9ixer i desenvolupar-se en molts aspectes de la vida. Ha estat possible gr\u00e0cies a la col.laboraci\u00f3 dels ajuntaments @masies.voltrega i <a id=\"m_-4922460099562948519plusReplyChip-1\" class=\"gmail_plusreply\" rel=\"noreferrer\"><\/a>@santhipolitdevoltrega.<\/p>\n<p style=\"padding-left: 40px;\"><a href=\"https:\/\/agora.xtec.cat\/iesdelvoltreganes\/wp-content\/uploads\/usu618\/2024\/01\/IMG_20240119_174630_384.jpg\"><img loading=\"lazy\" decoding=\"async\" class=\"alignnone size-medium wp-image-6395\" src=\"https:\/\/agora.xtec.cat\/iesdelvoltreganes\/wp-content\/uploads\/usu618\/2024\/01\/IMG_20240119_174630_384-300x157.jpg\" alt=\"\" width=\"300\" height=\"157\" srcset=\"https:\/\/agora.xtec.cat\/iesdelvoltreganes\/wp-content\/uploads\/usu618\/2024\/01\/IMG_20240119_174630_384-300x157.jpg 300w, https:\/\/agora.xtec.cat\/iesdelvoltreganes\/wp-content\/uploads\/usu618\/2024\/01\/IMG_20240119_174630_384-1024x536.jpg 1024w, https:\/\/agora.xtec.cat\/iesdelvoltreganes\/wp-content\/uploads\/usu618\/2024\/01\/IMG_20240119_174630_384-768x402.jpg 768w, https:\/\/agora.xtec.cat\/iesdelvoltreganes\/wp-content\/uploads\/usu618\/2024\/01\/IMG_20240119_174630_384.jpg 1171w\" sizes=\"auto, (max-width: 300px) 100vw, 300px\" \/><\/a><\/p>\n","protected":false},"excerpt":{"rendered":"<p>Aquesta setmana ha comen\u00e7at l&#8217;extraescolar de teatre a l&#8217;Institut del Voltregan\u00e8s a c\u00e0rrec de l&#8217;actor i director Dobrin Plamenov. Creiem que aquesta \u00e9s una activitat molt enriquidora que ofereix als i les alumnes una oportunitat per expressar-se, cr\u00e9ixer i desenvolupar-se en molts aspectes de la&hellip;  <a href=\"https:\/\/agora.xtec.cat\/iesdelvoltreganes\/general\/teatre-2\/\" title=\"Read Extraescolar de teatre\">Llegeix m\u00e9s\u00bb<\/a><\/p>\n","protected":false},"author":6,"featured_media":0,"comment_status":"closed","ping_status":"closed","sticky":false,"template":"","format":"standard","meta":{"_bbp_topic_count":0,"_bbp_reply_count":0,"_bbp_total_topic_count":0,"_bbp_total_reply_count":0,"_bbp_voice_count":0,"_bbp_anonymous_reply_count":0,"_bbp_topic_count_hidden":0,"_bbp_reply_count_hidden":0,"_bbp_forum_subforum_count":0,"footnotes":""},"categories":[1,29],"tags":[101,40],"class_list":["post-6394","post","type-post","status-publish","format-standard","hentry","category-general","category-portada","tag-extraescolar","tag-teatre"],"post_mailing_queue_ids":[],"_links":{"self":[{"href":"https:\/\/agora.xtec.cat\/iesdelvoltreganes\/wp-json\/wp\/v2\/posts\/6394","targetHints":{"allow":["GET"]}}],"collection":[{"href":"https:\/\/agora.xtec.cat\/iesdelvoltreganes\/wp-json\/wp\/v2\/posts"}],"about":[{"href":"https:\/\/agora.xtec.cat\/iesdelvoltreganes\/wp-json\/wp\/v2\/types\/post"}],"author":[{"embeddable":true,"href":"https:\/\/agora.xtec.cat\/iesdelvoltreganes\/wp-json\/wp\/v2\/users\/6"}],"replies":[{"embeddable":true,"href":"https:\/\/agora.xtec.cat\/iesdelvoltreganes\/wp-json\/wp\/v2\/comments?post=6394"}],"version-history":[{"count":4,"href":"https:\/\/agora.xtec.cat\/iesdelvoltreganes\/wp-json\/wp\/v2\/posts\/6394\/revisions"}],"predecessor-version":[{"id":6399,"href":"https:\/\/agora.xtec.cat\/iesdelvoltreganes\/wp-json\/wp\/v2\/posts\/6394\/revisions\/6399"}],"wp:attachment":[{"href":"https:\/\/agora.xtec.cat\/iesdelvoltreganes\/wp-json\/wp\/v2\/media?parent=6394"}],"wp:term":[{"taxonomy":"category","embeddable":true,"href":"https:\/\/agora.xtec.cat\/iesdelvoltreganes\/wp-json\/wp\/v2\/categories?post=6394"},{"taxonomy":"post_tag","embeddable":true,"href":"https:\/\/agora.xtec.cat\/iesdelvoltreganes\/wp-json\/wp\/v2\/tags?post=6394"}],"curies":[{"name":"wp","href":"https:\/\/api.w.org\/{rel}","templated":true}]}}