{"id":6388,"date":"2024-01-18T18:08:28","date_gmt":"2024-01-18T17:08:28","guid":{"rendered":"https:\/\/agora.xtec.cat\/iesdelvoltreganes\/?p=6388"},"modified":"2024-01-18T18:10:13","modified_gmt":"2024-01-18T17:10:13","slug":"representacio-teatral-del-lazarillo-de-tormes","status":"publish","type":"post","link":"https:\/\/agora.xtec.cat\/iesdelvoltreganes\/general\/representacio-teatral-del-lazarillo-de-tormes\/","title":{"rendered":"Representaci\u00f3 teatral d&#8217;El Lazarillo de Tormes"},"content":{"rendered":"<p><a href=\"https:\/\/agora.xtec.cat\/iesdelvoltreganes\/wp-content\/uploads\/usu618\/2024\/01\/imatge-lazarillo-de-tormes-II.jpeg\"><img loading=\"lazy\" decoding=\"async\" class=\"size-medium wp-image-6389 aligncenter\" src=\"https:\/\/agora.xtec.cat\/iesdelvoltreganes\/wp-content\/uploads\/usu618\/2024\/01\/imatge-lazarillo-de-tormes-II-300x169.jpeg\" alt=\"\" width=\"300\" height=\"169\" srcset=\"https:\/\/agora.xtec.cat\/iesdelvoltreganes\/wp-content\/uploads\/usu618\/2024\/01\/imatge-lazarillo-de-tormes-II-300x169.jpeg 300w, https:\/\/agora.xtec.cat\/iesdelvoltreganes\/wp-content\/uploads\/usu618\/2024\/01\/imatge-lazarillo-de-tormes-II-1024x576.jpeg 1024w, https:\/\/agora.xtec.cat\/iesdelvoltreganes\/wp-content\/uploads\/usu618\/2024\/01\/imatge-lazarillo-de-tormes-II-768x432.jpeg 768w, https:\/\/agora.xtec.cat\/iesdelvoltreganes\/wp-content\/uploads\/usu618\/2024\/01\/imatge-lazarillo-de-tormes-II-1536x864.jpeg 1536w, https:\/\/agora.xtec.cat\/iesdelvoltreganes\/wp-content\/uploads\/usu618\/2024\/01\/imatge-lazarillo-de-tormes-II.jpeg 2048w\" sizes=\"auto, (max-width: 300px) 100vw, 300px\" \/><\/a><\/p>\n<p><a href=\"https:\/\/agora.xtec.cat\/iesdelvoltreganes\/wp-content\/uploads\/usu618\/2024\/01\/imatge-lazarillo-de-tormes.jpeg\"><img loading=\"lazy\" decoding=\"async\" class=\"size-medium wp-image-6390 aligncenter\" src=\"https:\/\/agora.xtec.cat\/iesdelvoltreganes\/wp-content\/uploads\/usu618\/2024\/01\/imatge-lazarillo-de-tormes-300x169.jpeg\" alt=\"\" width=\"300\" height=\"169\" srcset=\"https:\/\/agora.xtec.cat\/iesdelvoltreganes\/wp-content\/uploads\/usu618\/2024\/01\/imatge-lazarillo-de-tormes-300x169.jpeg 300w, https:\/\/agora.xtec.cat\/iesdelvoltreganes\/wp-content\/uploads\/usu618\/2024\/01\/imatge-lazarillo-de-tormes-1024x576.jpeg 1024w, https:\/\/agora.xtec.cat\/iesdelvoltreganes\/wp-content\/uploads\/usu618\/2024\/01\/imatge-lazarillo-de-tormes-768x432.jpeg 768w, https:\/\/agora.xtec.cat\/iesdelvoltreganes\/wp-content\/uploads\/usu618\/2024\/01\/imatge-lazarillo-de-tormes-1536x864.jpeg 1536w, https:\/\/agora.xtec.cat\/iesdelvoltreganes\/wp-content\/uploads\/usu618\/2024\/01\/imatge-lazarillo-de-tormes.jpeg 2048w\" sizes=\"auto, (max-width: 300px) 100vw, 300px\" \/><\/a><\/p>\n<p>Ens agradaria ficar al llit la hist\u00f2ria del murri m\u00e9s fam\u00f3s de la literatura castellana a la nostra classe? Pensem que per al nostre alumnat \u00e9s dif\u00edcil plasmar en la seva ment les escenes que succeeixen en la novel\u00b7la en estar escrites en un castell\u00e0 antic?<br \/>\nDoncs, avui els alumnes de 1r de batxillerat han gaudit al teatre de Calldetenes de la representaci\u00f3 teatral d&#8217;<em>El Lazarillo de Tormes<\/em> en mans de la companyia els Camins.<span style=\"color: #888888;\"><br clear=\"all\" \/><\/span><\/p>\n<div><\/div>\n","protected":false},"excerpt":{"rendered":"<p><a href=\"https:\/\/agora.xtec.cat\/iesdelvoltreganes\/wp-content\/uploads\/usu618\/2024\/01\/imatge-lazarillo-de-tormes-II.jpeg\"><\/a><br \/>\n<a href=\"https:\/\/agora.xtec.cat\/iesdelvoltreganes\/wp-content\/uploads\/usu618\/2024\/01\/imatge-lazarillo-de-tormes.jpeg\"><\/a><br \/>\nEns agradaria ficar al llit la hist\u00f2ria del murri m\u00e9s fam\u00f3s de la literatura castellana a la nostra classe? Pensem que per al nostre alumnat \u00e9s dif\u00edcil plasmar en la seva ment les escenes que succeeixen en la novel\u00b7la en estar escrites en&hellip;  <a href=\"https:\/\/agora.xtec.cat\/iesdelvoltreganes\/general\/representacio-teatral-del-lazarillo-de-tormes\/\" title=\"Read Representaci\u00f3 teatral d&#8217;El Lazarillo de Tormes\">Llegeix m\u00e9s\u00bb<\/a><\/p>\n","protected":false},"author":6,"featured_media":0,"comment_status":"closed","ping_status":"closed","sticky":false,"template":"","format":"standard","meta":{"_bbp_topic_count":0,"_bbp_reply_count":0,"_bbp_total_topic_count":0,"_bbp_total_reply_count":0,"_bbp_voice_count":0,"_bbp_anonymous_reply_count":0,"_bbp_topic_count_hidden":0,"_bbp_reply_count_hidden":0,"_bbp_forum_subforum_count":0,"footnotes":""},"categories":[8,1,72,29],"tags":[40],"class_list":["post-6388","post","type-post","status-publish","format-standard","hentry","category-batxillerat","category-general","category-llengues-i-literatura","category-portada","tag-teatre"],"post_mailing_queue_ids":[],"_links":{"self":[{"href":"https:\/\/agora.xtec.cat\/iesdelvoltreganes\/wp-json\/wp\/v2\/posts\/6388","targetHints":{"allow":["GET"]}}],"collection":[{"href":"https:\/\/agora.xtec.cat\/iesdelvoltreganes\/wp-json\/wp\/v2\/posts"}],"about":[{"href":"https:\/\/agora.xtec.cat\/iesdelvoltreganes\/wp-json\/wp\/v2\/types\/post"}],"author":[{"embeddable":true,"href":"https:\/\/agora.xtec.cat\/iesdelvoltreganes\/wp-json\/wp\/v2\/users\/6"}],"replies":[{"embeddable":true,"href":"https:\/\/agora.xtec.cat\/iesdelvoltreganes\/wp-json\/wp\/v2\/comments?post=6388"}],"version-history":[{"count":3,"href":"https:\/\/agora.xtec.cat\/iesdelvoltreganes\/wp-json\/wp\/v2\/posts\/6388\/revisions"}],"predecessor-version":[{"id":6393,"href":"https:\/\/agora.xtec.cat\/iesdelvoltreganes\/wp-json\/wp\/v2\/posts\/6388\/revisions\/6393"}],"wp:attachment":[{"href":"https:\/\/agora.xtec.cat\/iesdelvoltreganes\/wp-json\/wp\/v2\/media?parent=6388"}],"wp:term":[{"taxonomy":"category","embeddable":true,"href":"https:\/\/agora.xtec.cat\/iesdelvoltreganes\/wp-json\/wp\/v2\/categories?post=6388"},{"taxonomy":"post_tag","embeddable":true,"href":"https:\/\/agora.xtec.cat\/iesdelvoltreganes\/wp-json\/wp\/v2\/tags?post=6388"}],"curies":[{"name":"wp","href":"https:\/\/api.w.org\/{rel}","templated":true}]}}