{"id":6376,"date":"2024-01-11T11:13:28","date_gmt":"2024-01-11T10:13:28","guid":{"rendered":"https:\/\/agora.xtec.cat\/iesdelvoltreganes\/?p=6376"},"modified":"2024-01-11T11:19:11","modified_gmt":"2024-01-11T10:19:11","slug":"jaciment-prehistoric-de-la-draga-a-banyoles-2","status":"publish","type":"post","link":"https:\/\/agora.xtec.cat\/iesdelvoltreganes\/general\/jaciment-prehistoric-de-la-draga-a-banyoles-2\/","title":{"rendered":"Jaciment prehist\u00f2ric de la Draga a Banyoles"},"content":{"rendered":"<p>El dimarts 24 d&#8217;octubre, els alumnes de 1r d&#8217;ESO van fer una sortida al jaciment prehist\u00f2ric de la Draga a Banyoles on van poder experimentar com vivien els nostres avantpassats del Neol\u00edtic a trav\u00e9s de diferents tallers. Van poder veure com feien la farina, el foc, com ca\u00e7aven, com feien les eines i fins i tot, en van fabricar una.<br \/>\nUna sortida cultural, hist\u00f2rica i din\u00e0mica que els va entusiasmar!<\/p>\n<p><a href=\"https:\/\/agora.xtec.cat\/iesdelvoltreganes\/wp-content\/uploads\/usu618\/2024\/01\/FOTO-2.jpg\"><img loading=\"lazy\" decoding=\"async\" class=\"size-medium wp-image-6377 aligncenter\" src=\"https:\/\/agora.xtec.cat\/iesdelvoltreganes\/wp-content\/uploads\/usu618\/2024\/01\/FOTO-2-300x169.jpg\" alt=\"\" width=\"300\" height=\"169\" srcset=\"https:\/\/agora.xtec.cat\/iesdelvoltreganes\/wp-content\/uploads\/usu618\/2024\/01\/FOTO-2-300x169.jpg 300w, https:\/\/agora.xtec.cat\/iesdelvoltreganes\/wp-content\/uploads\/usu618\/2024\/01\/FOTO-2-1024x577.jpg 1024w, https:\/\/agora.xtec.cat\/iesdelvoltreganes\/wp-content\/uploads\/usu618\/2024\/01\/FOTO-2-768x432.jpg 768w, https:\/\/agora.xtec.cat\/iesdelvoltreganes\/wp-content\/uploads\/usu618\/2024\/01\/FOTO-2-1536x865.jpg 1536w, https:\/\/agora.xtec.cat\/iesdelvoltreganes\/wp-content\/uploads\/usu618\/2024\/01\/FOTO-2.jpg 2048w\" sizes=\"auto, (max-width: 300px) 100vw, 300px\" \/><\/a><\/p>\n<p><a href=\"https:\/\/agora.xtec.cat\/iesdelvoltreganes\/wp-content\/uploads\/usu618\/2024\/01\/FOTO-GRUP.jpg\"><img loading=\"lazy\" decoding=\"async\" class=\"size-medium wp-image-6378 aligncenter\" src=\"https:\/\/agora.xtec.cat\/iesdelvoltreganes\/wp-content\/uploads\/usu618\/2024\/01\/FOTO-GRUP-300x225.jpg\" alt=\"\" width=\"300\" height=\"225\" srcset=\"https:\/\/agora.xtec.cat\/iesdelvoltreganes\/wp-content\/uploads\/usu618\/2024\/01\/FOTO-GRUP-300x225.jpg 300w, https:\/\/agora.xtec.cat\/iesdelvoltreganes\/wp-content\/uploads\/usu618\/2024\/01\/FOTO-GRUP-768x576.jpg 768w, https:\/\/agora.xtec.cat\/iesdelvoltreganes\/wp-content\/uploads\/usu618\/2024\/01\/FOTO-GRUP-200x150.jpg 200w, https:\/\/agora.xtec.cat\/iesdelvoltreganes\/wp-content\/uploads\/usu618\/2024\/01\/FOTO-GRUP.jpg 1024w\" sizes=\"auto, (max-width: 300px) 100vw, 300px\" \/><\/a><\/p>\n","protected":false},"excerpt":{"rendered":"<p>El dimarts 24 d&#8217;octubre, els alumnes de 1r d&#8217;ESO van fer una sortida al jaciment prehist\u00f2ric de la Draga a Banyoles on van poder experimentar com vivien els nostres avantpassats del Neol\u00edtic a trav\u00e9s de diferents tallers. Van poder veure com feien la farina, el&hellip;  <a href=\"https:\/\/agora.xtec.cat\/iesdelvoltreganes\/general\/jaciment-prehistoric-de-la-draga-a-banyoles-2\/\" title=\"Read Jaciment prehist\u00f2ric de la Draga a Banyoles\">Llegeix m\u00e9s\u00bb<\/a><\/p>\n","protected":false},"author":6,"featured_media":0,"comment_status":"closed","ping_status":"closed","sticky":false,"template":"","format":"standard","meta":{"_bbp_topic_count":0,"_bbp_reply_count":0,"_bbp_total_topic_count":0,"_bbp_total_reply_count":0,"_bbp_voice_count":0,"_bbp_anonymous_reply_count":0,"_bbp_topic_count_hidden":0,"_bbp_reply_count_hidden":0,"_bbp_forum_subforum_count":0,"footnotes":""},"categories":[66,4,1,29],"tags":[39],"class_list":["post-6376","post","type-post","status-publish","format-standard","hentry","category-ciencies-socials","category-eso-1","category-general","category-portada","tag-sortides"],"post_mailing_queue_ids":[],"_links":{"self":[{"href":"https:\/\/agora.xtec.cat\/iesdelvoltreganes\/wp-json\/wp\/v2\/posts\/6376","targetHints":{"allow":["GET"]}}],"collection":[{"href":"https:\/\/agora.xtec.cat\/iesdelvoltreganes\/wp-json\/wp\/v2\/posts"}],"about":[{"href":"https:\/\/agora.xtec.cat\/iesdelvoltreganes\/wp-json\/wp\/v2\/types\/post"}],"author":[{"embeddable":true,"href":"https:\/\/agora.xtec.cat\/iesdelvoltreganes\/wp-json\/wp\/v2\/users\/6"}],"replies":[{"embeddable":true,"href":"https:\/\/agora.xtec.cat\/iesdelvoltreganes\/wp-json\/wp\/v2\/comments?post=6376"}],"version-history":[{"count":3,"href":"https:\/\/agora.xtec.cat\/iesdelvoltreganes\/wp-json\/wp\/v2\/posts\/6376\/revisions"}],"predecessor-version":[{"id":6381,"href":"https:\/\/agora.xtec.cat\/iesdelvoltreganes\/wp-json\/wp\/v2\/posts\/6376\/revisions\/6381"}],"wp:attachment":[{"href":"https:\/\/agora.xtec.cat\/iesdelvoltreganes\/wp-json\/wp\/v2\/media?parent=6376"}],"wp:term":[{"taxonomy":"category","embeddable":true,"href":"https:\/\/agora.xtec.cat\/iesdelvoltreganes\/wp-json\/wp\/v2\/categories?post=6376"},{"taxonomy":"post_tag","embeddable":true,"href":"https:\/\/agora.xtec.cat\/iesdelvoltreganes\/wp-json\/wp\/v2\/tags?post=6376"}],"curies":[{"name":"wp","href":"https:\/\/api.w.org\/{rel}","templated":true}]}}