{"id":6361,"date":"2023-12-19T13:43:36","date_gmt":"2023-12-19T12:43:36","guid":{"rendered":"https:\/\/agora.xtec.cat\/iesdelvoltreganes\/?p=6361"},"modified":"2023-12-19T13:45:40","modified_gmt":"2023-12-19T12:45:40","slug":"la-marato-de-tv3","status":"publish","type":"post","link":"https:\/\/agora.xtec.cat\/iesdelvoltreganes\/general\/la-marato-de-tv3\/","title":{"rendered":"La Marat\u00f3 de TV3"},"content":{"rendered":"<p>Un any m\u00e9s l\u2019institut s\u2019ha sumat als actes per a La Marat\u00f3 de TV3, que enguany est\u00e0 dedicada a la salut sexual i reproductiva. L\u2019alumnat de 3r d\u2019ESO ha pogut gaudir de la xerrada divulgativa i tamb\u00e9 hem col\u00b7laborat aportant una bon grapat de diners a trav\u00e9s de sortejos de paneres solid\u00e0ries.<\/p>\n<p>Aqu\u00ed teniu una petita presentaci\u00f3 de la nostra participaci\u00f3. Gr\u00e0cies a les fam\u00edlies, alumnat i delegats\/des de classe per fer-ho possible. Hem recaptat 1.484,05 euros.<\/p>\n<p><a href=\"https:\/\/photos.app.goo.gl\/kLdt9T8xvGS4tr2a7\" target=\"_blank\" rel=\"noopener\">Enlla\u00e7 a l&#8217;animaci\u00f3<\/a><\/p>\n","protected":false},"excerpt":{"rendered":"<p>Un any m\u00e9s l\u2019institut s\u2019ha sumat als actes per a La Marat\u00f3 de TV3, que enguany est\u00e0 dedicada a la salut sexual i reproductiva. L\u2019alumnat de 3r d\u2019ESO ha pogut gaudir de la xerrada divulgativa i tamb\u00e9 hem col\u00b7laborat aportant una bon grapat de diners&hellip;  <a href=\"https:\/\/agora.xtec.cat\/iesdelvoltreganes\/general\/la-marato-de-tv3\/\" title=\"Read La Marat\u00f3 de TV3\">Llegeix m\u00e9s\u00bb<\/a><\/p>\n","protected":false},"author":6,"featured_media":0,"comment_status":"closed","ping_status":"closed","sticky":false,"template":"","format":"standard","meta":{"_bbp_topic_count":0,"_bbp_reply_count":0,"_bbp_total_topic_count":0,"_bbp_total_reply_count":0,"_bbp_voice_count":0,"_bbp_anonymous_reply_count":0,"_bbp_topic_count_hidden":0,"_bbp_reply_count_hidden":0,"_bbp_forum_subforum_count":0,"footnotes":""},"categories":[1,29],"tags":[160],"class_list":["post-6361","post","type-post","status-publish","format-standard","hentry","category-general","category-portada","tag-marato-de-tv3"],"post_mailing_queue_ids":[],"_links":{"self":[{"href":"https:\/\/agora.xtec.cat\/iesdelvoltreganes\/wp-json\/wp\/v2\/posts\/6361","targetHints":{"allow":["GET"]}}],"collection":[{"href":"https:\/\/agora.xtec.cat\/iesdelvoltreganes\/wp-json\/wp\/v2\/posts"}],"about":[{"href":"https:\/\/agora.xtec.cat\/iesdelvoltreganes\/wp-json\/wp\/v2\/types\/post"}],"author":[{"embeddable":true,"href":"https:\/\/agora.xtec.cat\/iesdelvoltreganes\/wp-json\/wp\/v2\/users\/6"}],"replies":[{"embeddable":true,"href":"https:\/\/agora.xtec.cat\/iesdelvoltreganes\/wp-json\/wp\/v2\/comments?post=6361"}],"version-history":[{"count":3,"href":"https:\/\/agora.xtec.cat\/iesdelvoltreganes\/wp-json\/wp\/v2\/posts\/6361\/revisions"}],"predecessor-version":[{"id":6365,"href":"https:\/\/agora.xtec.cat\/iesdelvoltreganes\/wp-json\/wp\/v2\/posts\/6361\/revisions\/6365"}],"wp:attachment":[{"href":"https:\/\/agora.xtec.cat\/iesdelvoltreganes\/wp-json\/wp\/v2\/media?parent=6361"}],"wp:term":[{"taxonomy":"category","embeddable":true,"href":"https:\/\/agora.xtec.cat\/iesdelvoltreganes\/wp-json\/wp\/v2\/categories?post=6361"},{"taxonomy":"post_tag","embeddable":true,"href":"https:\/\/agora.xtec.cat\/iesdelvoltreganes\/wp-json\/wp\/v2\/tags?post=6361"}],"curies":[{"name":"wp","href":"https:\/\/api.w.org\/{rel}","templated":true}]}}