{"id":6351,"date":"2023-12-19T12:06:04","date_gmt":"2023-12-19T11:06:04","guid":{"rendered":"https:\/\/agora.xtec.cat\/iesdelvoltreganes\/?p=6351"},"modified":"2023-12-19T12:06:36","modified_gmt":"2023-12-19T11:06:36","slug":"taller-nadalenc","status":"publish","type":"post","link":"https:\/\/agora.xtec.cat\/iesdelvoltreganes\/general\/taller-nadalenc\/","title":{"rendered":"Taller nadalenc"},"content":{"rendered":"<p>L&#8217;alumnat de 1r d\u2019ESO ha passat un mat\u00ed ben diferent i molt especial. Han compartit habilitats amb els i les alumnes de 5\u00e8 i 6\u00e8 de les escoles del Voltregan\u00e8s, han intercanviat coneixements mitjan\u00e7ant l&#8217;elaboraci\u00f3 i participaci\u00f3 activa en un taller nadalenc. Han estat molt creatius i creatives hi han sortit unes manualitats ben boniques per aquestes festes!<\/p>\n<p><a href=\"https:\/\/photos.app.goo.gl\/CXebQJJfRhQbhM6A6\" target=\"_blank\" rel=\"noopener\"><img loading=\"lazy\" decoding=\"async\" class=\"aligncenter wp-image-6352 size-medium\" src=\"https:\/\/agora.xtec.cat\/iesdelvoltreganes\/wp-content\/uploads\/usu618\/2023\/12\/Taller-darbres-de-nadal-a-linstitut_page-0001-300x212.jpg\" alt=\"\" width=\"300\" height=\"212\" srcset=\"https:\/\/agora.xtec.cat\/iesdelvoltreganes\/wp-content\/uploads\/usu618\/2023\/12\/Taller-darbres-de-nadal-a-linstitut_page-0001-300x212.jpg 300w, https:\/\/agora.xtec.cat\/iesdelvoltreganes\/wp-content\/uploads\/usu618\/2023\/12\/Taller-darbres-de-nadal-a-linstitut_page-0001-1024x724.jpg 1024w, https:\/\/agora.xtec.cat\/iesdelvoltreganes\/wp-content\/uploads\/usu618\/2023\/12\/Taller-darbres-de-nadal-a-linstitut_page-0001-768x543.jpg 768w, https:\/\/agora.xtec.cat\/iesdelvoltreganes\/wp-content\/uploads\/usu618\/2023\/12\/Taller-darbres-de-nadal-a-linstitut_page-0001-1536x1086.jpg 1536w, https:\/\/agora.xtec.cat\/iesdelvoltreganes\/wp-content\/uploads\/usu618\/2023\/12\/Taller-darbres-de-nadal-a-linstitut_page-0001-2048x1448.jpg 2048w\" sizes=\"auto, (max-width: 300px) 100vw, 300px\" \/><\/a><\/p>\n","protected":false},"excerpt":{"rendered":"<p>L&#8217;alumnat de 1r d\u2019ESO ha passat un mat\u00ed ben diferent i molt especial. Han compartit habilitats amb els i les alumnes de 5\u00e8 i 6\u00e8 de les escoles del Voltregan\u00e8s, han intercanviat coneixements mitjan\u00e7ant l&#8217;elaboraci\u00f3 i participaci\u00f3 activa en un taller nadalenc. Han estat molt&hellip;  <a href=\"https:\/\/agora.xtec.cat\/iesdelvoltreganes\/general\/taller-nadalenc\/\" title=\"Read Taller nadalenc\">Llegeix m\u00e9s\u00bb<\/a><\/p>\n","protected":false},"author":6,"featured_media":0,"comment_status":"closed","ping_status":"closed","sticky":false,"template":"","format":"standard","meta":{"_bbp_topic_count":0,"_bbp_reply_count":0,"_bbp_total_topic_count":0,"_bbp_total_reply_count":0,"_bbp_voice_count":0,"_bbp_anonymous_reply_count":0,"_bbp_topic_count_hidden":0,"_bbp_reply_count_hidden":0,"_bbp_forum_subforum_count":0,"footnotes":""},"categories":[4,1,29],"tags":[58],"class_list":["post-6351","post","type-post","status-publish","format-standard","hentry","category-eso-1","category-general","category-portada","tag-tallers"],"post_mailing_queue_ids":[],"_links":{"self":[{"href":"https:\/\/agora.xtec.cat\/iesdelvoltreganes\/wp-json\/wp\/v2\/posts\/6351","targetHints":{"allow":["GET"]}}],"collection":[{"href":"https:\/\/agora.xtec.cat\/iesdelvoltreganes\/wp-json\/wp\/v2\/posts"}],"about":[{"href":"https:\/\/agora.xtec.cat\/iesdelvoltreganes\/wp-json\/wp\/v2\/types\/post"}],"author":[{"embeddable":true,"href":"https:\/\/agora.xtec.cat\/iesdelvoltreganes\/wp-json\/wp\/v2\/users\/6"}],"replies":[{"embeddable":true,"href":"https:\/\/agora.xtec.cat\/iesdelvoltreganes\/wp-json\/wp\/v2\/comments?post=6351"}],"version-history":[{"count":2,"href":"https:\/\/agora.xtec.cat\/iesdelvoltreganes\/wp-json\/wp\/v2\/posts\/6351\/revisions"}],"predecessor-version":[{"id":6354,"href":"https:\/\/agora.xtec.cat\/iesdelvoltreganes\/wp-json\/wp\/v2\/posts\/6351\/revisions\/6354"}],"wp:attachment":[{"href":"https:\/\/agora.xtec.cat\/iesdelvoltreganes\/wp-json\/wp\/v2\/media?parent=6351"}],"wp:term":[{"taxonomy":"category","embeddable":true,"href":"https:\/\/agora.xtec.cat\/iesdelvoltreganes\/wp-json\/wp\/v2\/categories?post=6351"},{"taxonomy":"post_tag","embeddable":true,"href":"https:\/\/agora.xtec.cat\/iesdelvoltreganes\/wp-json\/wp\/v2\/tags?post=6351"}],"curies":[{"name":"wp","href":"https:\/\/api.w.org\/{rel}","templated":true}]}}