{"id":6344,"date":"2023-12-18T12:18:38","date_gmt":"2023-12-18T11:18:38","guid":{"rendered":"https:\/\/agora.xtec.cat\/iesdelvoltreganes\/?p=6344"},"modified":"2023-12-18T12:24:30","modified_gmt":"2023-12-18T11:24:30","slug":"vic-i-el-museu-episcopal","status":"publish","type":"post","link":"https:\/\/agora.xtec.cat\/iesdelvoltreganes\/general\/vic-i-el-museu-episcopal\/","title":{"rendered":"Vic i el Museu Episcopal"},"content":{"rendered":"<p>Divendres 2n d&#8217;ESO va participar en\u00a0 una sortida a Vic. L&#8217;activitat estava vinculada a la tem\u00e0tica d&#8217;hist\u00f2ria medieval. Primer es va fer un recorregut a l&#8217;entorn del casc antic, durant el qual, la guia de l&#8217;espai Vic punt zero ens va explicar l&#8217;origen de la fundaci\u00f3 de la ciutat, els motius del seu empla\u00e7ament, les activitats a les quals es dedicava la seva poblaci\u00f3 i la seva evoluci\u00f3 durant el temps. Seguidament, es va entrar en un espai immersiu on es va poder entendre aquesta evoluci\u00f3 de manera visual. Finalment, el personal especialitzat del Museu ens va oferir un recorregut per entendre l&#8217;art i el pensament de l&#8217;edat mitjana gr\u00e0cies a les seves obres rom\u00e0niques i g\u00f2tiques de valor excepcional. Una sortida de km0 molt ben valorada.<\/p>\n<p><a href=\"https:\/\/photos.app.goo.gl\/D8XHYnfyrxzkUPK38\" target=\"_blank\" rel=\"noopener\"><img loading=\"lazy\" decoding=\"async\" class=\"aligncenter wp-image-6345 size-medium\" src=\"https:\/\/agora.xtec.cat\/iesdelvoltreganes\/wp-content\/uploads\/usu618\/2023\/12\/IMG_0871-300x225.jpg\" alt=\"\" width=\"300\" height=\"225\" srcset=\"https:\/\/agora.xtec.cat\/iesdelvoltreganes\/wp-content\/uploads\/usu618\/2023\/12\/IMG_0871-300x225.jpg 300w, https:\/\/agora.xtec.cat\/iesdelvoltreganes\/wp-content\/uploads\/usu618\/2023\/12\/IMG_0871-768x576.jpg 768w, https:\/\/agora.xtec.cat\/iesdelvoltreganes\/wp-content\/uploads\/usu618\/2023\/12\/IMG_0871-200x150.jpg 200w, https:\/\/agora.xtec.cat\/iesdelvoltreganes\/wp-content\/uploads\/usu618\/2023\/12\/IMG_0871.jpg 1008w\" sizes=\"auto, (max-width: 300px) 100vw, 300px\" \/><\/a><\/p>\n","protected":false},"excerpt":{"rendered":"<p>Divendres 2n d&#8217;ESO va participar en\u00a0 una sortida a Vic. L&#8217;activitat estava vinculada a la tem\u00e0tica d&#8217;hist\u00f2ria medieval. Primer es va fer un recorregut a l&#8217;entorn del casc antic, durant el qual, la guia de l&#8217;espai Vic punt zero ens va explicar l&#8217;origen de la&hellip;  <a href=\"https:\/\/agora.xtec.cat\/iesdelvoltreganes\/general\/vic-i-el-museu-episcopal\/\" title=\"Read Vic i el Museu Episcopal\">Llegeix m\u00e9s\u00bb<\/a><\/p>\n","protected":false},"author":6,"featured_media":0,"comment_status":"closed","ping_status":"closed","sticky":false,"template":"","format":"standard","meta":{"_bbp_topic_count":0,"_bbp_reply_count":0,"_bbp_total_topic_count":0,"_bbp_total_reply_count":0,"_bbp_voice_count":0,"_bbp_anonymous_reply_count":0,"_bbp_topic_count_hidden":0,"_bbp_reply_count_hidden":0,"_bbp_forum_subforum_count":0,"footnotes":""},"categories":[66,5,1,29],"tags":[],"class_list":["post-6344","post","type-post","status-publish","format-standard","hentry","category-ciencies-socials","category-eso-2","category-general","category-portada"],"post_mailing_queue_ids":[],"_links":{"self":[{"href":"https:\/\/agora.xtec.cat\/iesdelvoltreganes\/wp-json\/wp\/v2\/posts\/6344","targetHints":{"allow":["GET"]}}],"collection":[{"href":"https:\/\/agora.xtec.cat\/iesdelvoltreganes\/wp-json\/wp\/v2\/posts"}],"about":[{"href":"https:\/\/agora.xtec.cat\/iesdelvoltreganes\/wp-json\/wp\/v2\/types\/post"}],"author":[{"embeddable":true,"href":"https:\/\/agora.xtec.cat\/iesdelvoltreganes\/wp-json\/wp\/v2\/users\/6"}],"replies":[{"embeddable":true,"href":"https:\/\/agora.xtec.cat\/iesdelvoltreganes\/wp-json\/wp\/v2\/comments?post=6344"}],"version-history":[{"count":3,"href":"https:\/\/agora.xtec.cat\/iesdelvoltreganes\/wp-json\/wp\/v2\/posts\/6344\/revisions"}],"predecessor-version":[{"id":6348,"href":"https:\/\/agora.xtec.cat\/iesdelvoltreganes\/wp-json\/wp\/v2\/posts\/6344\/revisions\/6348"}],"wp:attachment":[{"href":"https:\/\/agora.xtec.cat\/iesdelvoltreganes\/wp-json\/wp\/v2\/media?parent=6344"}],"wp:term":[{"taxonomy":"category","embeddable":true,"href":"https:\/\/agora.xtec.cat\/iesdelvoltreganes\/wp-json\/wp\/v2\/categories?post=6344"},{"taxonomy":"post_tag","embeddable":true,"href":"https:\/\/agora.xtec.cat\/iesdelvoltreganes\/wp-json\/wp\/v2\/tags?post=6344"}],"curies":[{"name":"wp","href":"https:\/\/api.w.org\/{rel}","templated":true}]}}