{"id":6329,"date":"2023-12-11T18:06:11","date_gmt":"2023-12-11T17:06:11","guid":{"rendered":"https:\/\/agora.xtec.cat\/iesdelvoltreganes\/?p=6329"},"modified":"2023-12-11T18:06:11","modified_gmt":"2023-12-11T17:06:11","slug":"ha-ha-ha","status":"publish","type":"post","link":"https:\/\/agora.xtec.cat\/iesdelvoltreganes\/general\/ha-ha-ha\/","title":{"rendered":"Ha! Ha! Ha!"},"content":{"rendered":"<p>L\u2019alumnat de 3r d\u2019ESO est\u00e0 participant en el projecte anomenat Ha! Ha! Ha! \u00c9s un taller que ofereix un espai de reflexi\u00f3 i d\u2019acci\u00f3 educativa sobre el llenguatge audiovisual i la seva incid\u00e8ncia en la construcci\u00f3 i reproducci\u00f3 de les desigualtats socials. El taller vol promoure que els joves generin nous relats que superin els estereotips a partir de la ficci\u00f3 audiovisual.<\/p>\n<p><a href=\"https:\/\/photos.app.goo.gl\/aKg3aKTNeSEdW7Eg6\" target=\"_blank\" rel=\"noopener\"><img loading=\"lazy\" decoding=\"async\" class=\"wp-image-6330 size-medium aligncenter\" src=\"https:\/\/agora.xtec.cat\/iesdelvoltreganes\/wp-content\/uploads\/usu618\/2023\/12\/image8-300x169.jpeg\" alt=\"\" width=\"300\" height=\"169\" srcset=\"https:\/\/agora.xtec.cat\/iesdelvoltreganes\/wp-content\/uploads\/usu618\/2023\/12\/image8-300x169.jpeg 300w, https:\/\/agora.xtec.cat\/iesdelvoltreganes\/wp-content\/uploads\/usu618\/2023\/12\/image8-1024x576.jpeg 1024w, https:\/\/agora.xtec.cat\/iesdelvoltreganes\/wp-content\/uploads\/usu618\/2023\/12\/image8-768x432.jpeg 768w, https:\/\/agora.xtec.cat\/iesdelvoltreganes\/wp-content\/uploads\/usu618\/2023\/12\/image8-1536x864.jpeg 1536w, https:\/\/agora.xtec.cat\/iesdelvoltreganes\/wp-content\/uploads\/usu618\/2023\/12\/image8.jpeg 1600w\" sizes=\"auto, (max-width: 300px) 100vw, 300px\" \/><\/a><\/p>\n","protected":false},"excerpt":{"rendered":"<p>L\u2019alumnat de 3r d\u2019ESO est\u00e0 participant en el projecte anomenat Ha! Ha! Ha! \u00c9s un taller que ofereix un espai de reflexi\u00f3 i d\u2019acci\u00f3 educativa sobre el llenguatge audiovisual i la seva incid\u00e8ncia en la construcci\u00f3 i reproducci\u00f3 de les desigualtats socials. El taller vol&hellip;  <a href=\"https:\/\/agora.xtec.cat\/iesdelvoltreganes\/general\/ha-ha-ha\/\" title=\"Read Ha! Ha! Ha!\">Llegeix m\u00e9s\u00bb<\/a><\/p>\n","protected":false},"author":6,"featured_media":0,"comment_status":"closed","ping_status":"closed","sticky":false,"template":"","format":"standard","meta":{"_bbp_topic_count":0,"_bbp_reply_count":0,"_bbp_total_topic_count":0,"_bbp_total_reply_count":0,"_bbp_voice_count":0,"_bbp_anonymous_reply_count":0,"_bbp_topic_count_hidden":0,"_bbp_reply_count_hidden":0,"_bbp_forum_subforum_count":0,"footnotes":""},"categories":[6,1,75,29],"tags":[37],"class_list":["post-6329","post","type-post","status-publish","format-standard","hentry","category-eso-3","category-general","category-orientacio","category-portada","tag-audiovisuals"],"post_mailing_queue_ids":[],"_links":{"self":[{"href":"https:\/\/agora.xtec.cat\/iesdelvoltreganes\/wp-json\/wp\/v2\/posts\/6329","targetHints":{"allow":["GET"]}}],"collection":[{"href":"https:\/\/agora.xtec.cat\/iesdelvoltreganes\/wp-json\/wp\/v2\/posts"}],"about":[{"href":"https:\/\/agora.xtec.cat\/iesdelvoltreganes\/wp-json\/wp\/v2\/types\/post"}],"author":[{"embeddable":true,"href":"https:\/\/agora.xtec.cat\/iesdelvoltreganes\/wp-json\/wp\/v2\/users\/6"}],"replies":[{"embeddable":true,"href":"https:\/\/agora.xtec.cat\/iesdelvoltreganes\/wp-json\/wp\/v2\/comments?post=6329"}],"version-history":[{"count":1,"href":"https:\/\/agora.xtec.cat\/iesdelvoltreganes\/wp-json\/wp\/v2\/posts\/6329\/revisions"}],"predecessor-version":[{"id":6331,"href":"https:\/\/agora.xtec.cat\/iesdelvoltreganes\/wp-json\/wp\/v2\/posts\/6329\/revisions\/6331"}],"wp:attachment":[{"href":"https:\/\/agora.xtec.cat\/iesdelvoltreganes\/wp-json\/wp\/v2\/media?parent=6329"}],"wp:term":[{"taxonomy":"category","embeddable":true,"href":"https:\/\/agora.xtec.cat\/iesdelvoltreganes\/wp-json\/wp\/v2\/categories?post=6329"},{"taxonomy":"post_tag","embeddable":true,"href":"https:\/\/agora.xtec.cat\/iesdelvoltreganes\/wp-json\/wp\/v2\/tags?post=6329"}],"curies":[{"name":"wp","href":"https:\/\/api.w.org\/{rel}","templated":true}]}}