{"id":6322,"date":"2023-12-04T19:10:22","date_gmt":"2023-12-04T18:10:22","guid":{"rendered":"https:\/\/agora.xtec.cat\/iesdelvoltreganes\/?p=6322"},"modified":"2023-12-04T19:10:22","modified_gmt":"2023-12-04T18:10:22","slug":"benvinguts-a-la-sala-beckett","status":"publish","type":"post","link":"https:\/\/agora.xtec.cat\/iesdelvoltreganes\/general\/benvinguts-a-la-sala-beckett\/","title":{"rendered":"Benvinguts a la sala Beckett"},"content":{"rendered":"<p>El 30 de novembre de 2023 vam arribar a la Sala Beckett a punt per mostrar al p\u00fablic el projecte que hem dut a terme aquest trimestre: una obra escrita per 21 alumnes de 4t d&#8217;ESO, amb lectura dramatitzada.<br \/>\nLa cloenda estava molt ben muntada. Arribant a la Sala, ens van fer una visita guiada molt ben explicada. Tot seguit, ens trob\u00e0vem asseguts, com a p\u00fablic i vam poder gaudir de les quatre obres, fetes per alumnat d&#8217;altres centres, abans que toqu\u00e9s fer la nostra.<br \/>\nEls alumnes, tot i els nervis, van fer el muntatge com l&#8217;havien assajat. Va ser un \u00e8xit i una bonica experi\u00e8ncia per recordar.<br \/>\nM&#8217;ha agradat formar-ne part i poder dir-los &#8220;molta merda!&#8221;, abans de veure&#8217;ls a l&#8217;escenari.<\/p>\n<p><a href=\"https:\/\/agora.xtec.cat\/iesdelvoltreganes\/wp-content\/uploads\/usu618\/2023\/12\/1701419414280.jpg\"><img loading=\"lazy\" decoding=\"async\" src=\"https:\/\/agora.xtec.cat\/iesdelvoltreganes\/wp-content\/uploads\/usu618\/2023\/12\/1701419414280-300x226.jpg\" alt=\"\" width=\"300\" height=\"226\" class=\"alignnone size-medium wp-image-6323\" srcset=\"https:\/\/agora.xtec.cat\/iesdelvoltreganes\/wp-content\/uploads\/usu618\/2023\/12\/1701419414280-300x226.jpg 300w, https:\/\/agora.xtec.cat\/iesdelvoltreganes\/wp-content\/uploads\/usu618\/2023\/12\/1701419414280-1024x771.jpg 1024w, https:\/\/agora.xtec.cat\/iesdelvoltreganes\/wp-content\/uploads\/usu618\/2023\/12\/1701419414280-768x578.jpg 768w, https:\/\/agora.xtec.cat\/iesdelvoltreganes\/wp-content\/uploads\/usu618\/2023\/12\/1701419414280-1536x1157.jpg 1536w, https:\/\/agora.xtec.cat\/iesdelvoltreganes\/wp-content\/uploads\/usu618\/2023\/12\/1701419414280-200x150.jpg 200w, https:\/\/agora.xtec.cat\/iesdelvoltreganes\/wp-content\/uploads\/usu618\/2023\/12\/1701419414280.jpg 2040w\" sizes=\"auto, (max-width: 300px) 100vw, 300px\" \/><\/a><\/p>\n","protected":false},"excerpt":{"rendered":"<p>El 30 de novembre de 2023 vam arribar a la Sala Beckett a punt per mostrar al p\u00fablic el projecte que hem dut a terme aquest trimestre: una obra escrita per 21 alumnes de 4t d&#8217;ESO, amb lectura dramatitzada.<br \/>\nLa cloenda estava molt ben muntada. Arribant&hellip;  <a href=\"https:\/\/agora.xtec.cat\/iesdelvoltreganes\/general\/benvinguts-a-la-sala-beckett\/\" title=\"Read Benvinguts a la sala Beckett\">Llegeix m\u00e9s\u00bb<\/a><\/p>\n","protected":false},"author":6,"featured_media":0,"comment_status":"closed","ping_status":"closed","sticky":false,"template":"","format":"standard","meta":{"_bbp_topic_count":0,"_bbp_reply_count":0,"_bbp_total_topic_count":0,"_bbp_total_reply_count":0,"_bbp_voice_count":0,"_bbp_anonymous_reply_count":0,"_bbp_topic_count_hidden":0,"_bbp_reply_count_hidden":0,"_bbp_forum_subforum_count":0,"footnotes":""},"categories":[7,1,72,29],"tags":[40],"class_list":["post-6322","post","type-post","status-publish","format-standard","hentry","category-eso-4","category-general","category-llengues-i-literatura","category-portada","tag-teatre"],"post_mailing_queue_ids":[],"_links":{"self":[{"href":"https:\/\/agora.xtec.cat\/iesdelvoltreganes\/wp-json\/wp\/v2\/posts\/6322","targetHints":{"allow":["GET"]}}],"collection":[{"href":"https:\/\/agora.xtec.cat\/iesdelvoltreganes\/wp-json\/wp\/v2\/posts"}],"about":[{"href":"https:\/\/agora.xtec.cat\/iesdelvoltreganes\/wp-json\/wp\/v2\/types\/post"}],"author":[{"embeddable":true,"href":"https:\/\/agora.xtec.cat\/iesdelvoltreganes\/wp-json\/wp\/v2\/users\/6"}],"replies":[{"embeddable":true,"href":"https:\/\/agora.xtec.cat\/iesdelvoltreganes\/wp-json\/wp\/v2\/comments?post=6322"}],"version-history":[{"count":1,"href":"https:\/\/agora.xtec.cat\/iesdelvoltreganes\/wp-json\/wp\/v2\/posts\/6322\/revisions"}],"predecessor-version":[{"id":6324,"href":"https:\/\/agora.xtec.cat\/iesdelvoltreganes\/wp-json\/wp\/v2\/posts\/6322\/revisions\/6324"}],"wp:attachment":[{"href":"https:\/\/agora.xtec.cat\/iesdelvoltreganes\/wp-json\/wp\/v2\/media?parent=6322"}],"wp:term":[{"taxonomy":"category","embeddable":true,"href":"https:\/\/agora.xtec.cat\/iesdelvoltreganes\/wp-json\/wp\/v2\/categories?post=6322"},{"taxonomy":"post_tag","embeddable":true,"href":"https:\/\/agora.xtec.cat\/iesdelvoltreganes\/wp-json\/wp\/v2\/tags?post=6322"}],"curies":[{"name":"wp","href":"https:\/\/api.w.org\/{rel}","templated":true}]}}