{"id":6302,"date":"2023-11-30T12:49:54","date_gmt":"2023-11-30T11:49:54","guid":{"rendered":"https:\/\/agora.xtec.cat\/iesdelvoltreganes\/?p=6302"},"modified":"2023-11-30T12:50:10","modified_gmt":"2023-11-30T11:50:10","slug":"visita-a-la-colonia-textil-de-borgonya","status":"publish","type":"post","link":"https:\/\/agora.xtec.cat\/iesdelvoltreganes\/general\/visita-a-la-colonia-textil-de-borgonya\/","title":{"rendered":"Visita a la col\u00f2nia t\u00e8xtil de Borgony\u00e0"},"content":{"rendered":"<p>Un any m\u00e9s, el nostre centre ha participat en una visita guiada organitzada pel Museu del Ter. L&#8217;alumnat de quart d&#8217;ESO, durant un parell d&#8217;hores ha pogut veure com es vivia en una col\u00f2nia t\u00e8xtil, en aquest cas l&#8217;antiga Fabra i Coats, declarada B\u00e9 Cultural d&#8217;Inter\u00e8s Nacional (BCIN).<br \/>\nEl patrimoni arquitect\u00f2nic que ha quedat permet imaginar com era el dia a dia a la col\u00f2nia o el funcionament de les seves instal\u00b7lacions industrials. La sortida ha perm\u00e8s empatitzar amb el passat hist\u00f2ric m\u00e9s recent, imaginar com devia ser treballar a la f\u00e0brica, viure en una de les seves cases, anar a l&#8217;escola, comprar a la botiga, anar fins a l&#8217;andana per agafar el tren o jugar en un dels primers camps de futbol de Catalunya. Entendre conceptes com &#8220;seguretat laboral&#8221;, &#8220;pau social&#8221;, &#8220;font prim\u00e0ria oral&#8221; i BCIN.<\/p>\n<p><a href=\"https:\/\/photos.app.goo.gl\/8bHxnahVWb8brJkg7\" target=\"_blank\" rel=\"noopener\"><img loading=\"lazy\" decoding=\"async\" class=\"aligncenter wp-image-6308 size-medium\" src=\"https:\/\/agora.xtec.cat\/iesdelvoltreganes\/wp-content\/uploads\/usu618\/2023\/11\/IMG_0719-300x225.jpg\" alt=\"\" width=\"300\" height=\"225\" srcset=\"https:\/\/agora.xtec.cat\/iesdelvoltreganes\/wp-content\/uploads\/usu618\/2023\/11\/IMG_0719-300x225.jpg 300w, https:\/\/agora.xtec.cat\/iesdelvoltreganes\/wp-content\/uploads\/usu618\/2023\/11\/IMG_0719-1024x768.jpg 1024w, https:\/\/agora.xtec.cat\/iesdelvoltreganes\/wp-content\/uploads\/usu618\/2023\/11\/IMG_0719-768x576.jpg 768w, https:\/\/agora.xtec.cat\/iesdelvoltreganes\/wp-content\/uploads\/usu618\/2023\/11\/IMG_0719-1536x1152.jpg 1536w, https:\/\/agora.xtec.cat\/iesdelvoltreganes\/wp-content\/uploads\/usu618\/2023\/11\/IMG_0719-200x150.jpg 200w, https:\/\/agora.xtec.cat\/iesdelvoltreganes\/wp-content\/uploads\/usu618\/2023\/11\/IMG_0719.jpg 2016w\" sizes=\"auto, (max-width: 300px) 100vw, 300px\" \/><\/a><\/p>\n","protected":false},"excerpt":{"rendered":"<p>Un any m\u00e9s, el nostre centre ha participat en una visita guiada organitzada pel Museu del Ter. L&#8217;alumnat de quart d&#8217;ESO, durant un parell d&#8217;hores ha pogut veure com es vivia en una col\u00f2nia t\u00e8xtil, en aquest cas l&#8217;antiga Fabra i Coats, declarada B\u00e9 Cultural&hellip;  <a href=\"https:\/\/agora.xtec.cat\/iesdelvoltreganes\/general\/visita-a-la-colonia-textil-de-borgonya\/\" title=\"Read Visita a la col\u00f2nia t\u00e8xtil de Borgony\u00e0\">Llegeix m\u00e9s\u00bb<\/a><\/p>\n","protected":false},"author":6,"featured_media":0,"comment_status":"closed","ping_status":"closed","sticky":false,"template":"","format":"standard","meta":{"_bbp_topic_count":0,"_bbp_reply_count":0,"_bbp_total_topic_count":0,"_bbp_total_reply_count":0,"_bbp_voice_count":0,"_bbp_anonymous_reply_count":0,"_bbp_topic_count_hidden":0,"_bbp_reply_count_hidden":0,"_bbp_forum_subforum_count":0,"footnotes":""},"categories":[66,7,1,29],"tags":[],"class_list":["post-6302","post","type-post","status-publish","format-standard","hentry","category-ciencies-socials","category-eso-4","category-general","category-portada"],"post_mailing_queue_ids":[],"_links":{"self":[{"href":"https:\/\/agora.xtec.cat\/iesdelvoltreganes\/wp-json\/wp\/v2\/posts\/6302","targetHints":{"allow":["GET"]}}],"collection":[{"href":"https:\/\/agora.xtec.cat\/iesdelvoltreganes\/wp-json\/wp\/v2\/posts"}],"about":[{"href":"https:\/\/agora.xtec.cat\/iesdelvoltreganes\/wp-json\/wp\/v2\/types\/post"}],"author":[{"embeddable":true,"href":"https:\/\/agora.xtec.cat\/iesdelvoltreganes\/wp-json\/wp\/v2\/users\/6"}],"replies":[{"embeddable":true,"href":"https:\/\/agora.xtec.cat\/iesdelvoltreganes\/wp-json\/wp\/v2\/comments?post=6302"}],"version-history":[{"count":4,"href":"https:\/\/agora.xtec.cat\/iesdelvoltreganes\/wp-json\/wp\/v2\/posts\/6302\/revisions"}],"predecessor-version":[{"id":6310,"href":"https:\/\/agora.xtec.cat\/iesdelvoltreganes\/wp-json\/wp\/v2\/posts\/6302\/revisions\/6310"}],"wp:attachment":[{"href":"https:\/\/agora.xtec.cat\/iesdelvoltreganes\/wp-json\/wp\/v2\/media?parent=6302"}],"wp:term":[{"taxonomy":"category","embeddable":true,"href":"https:\/\/agora.xtec.cat\/iesdelvoltreganes\/wp-json\/wp\/v2\/categories?post=6302"},{"taxonomy":"post_tag","embeddable":true,"href":"https:\/\/agora.xtec.cat\/iesdelvoltreganes\/wp-json\/wp\/v2\/tags?post=6302"}],"curies":[{"name":"wp","href":"https:\/\/api.w.org\/{rel}","templated":true}]}}