{"id":630,"date":"2015-11-21T23:41:07","date_gmt":"2015-11-21T22:41:07","guid":{"rendered":"http:\/\/agora.xtec.cat\/iesdelvoltreganes\/?p=630"},"modified":"2019-09-01T19:01:17","modified_gmt":"2019-09-01T17:01:17","slug":"tres-contes-den-truman-capote","status":"publish","type":"post","link":"https:\/\/agora.xtec.cat\/iesdelvoltreganes\/llibres-recomanats\/tres-contes-den-truman-capote\/","title":{"rendered":"Tres contes d&#8217;en Truman Capote"},"content":{"rendered":"<p>Ara que ve Nadal vull recomanar <em>Tres contes<\/em> de Truman Capote (Anagrama). \u00c9s un llibre que sempre m&#8217;ha agradat molt\u00edssim, un d&#8217;aquells que vaig rellegint al llarg dels anys. La traducci\u00f3 d&#8217;en Quim Monz\u00f3 no \u00e9s excel\u00b7lent per\u00f2 es deixa llegir.<\/p>\n<p>S\u00f3n tres contes: &#8220;Un record de Nadal&#8221;, &#8220;El convidat del dia d&#8217;acci\u00f3 de gr\u00e0cies&#8221; i &#8220;Un Nadal&#8221;, on Capote explica records de petit a Alabama, a casa d&#8217;uns parents llunyans on els seus pares l&#8217;enviaven a passar llargues temporades pels problemes de relaci\u00f3 que tenien.<\/p>\n<p>La relaci\u00f3 d&#8217;un nen de set anys, en Buddy (alter ego d&#8217;en Capote) amb la seva amiga, la Sook Faulk, una parenta de m\u00e9s de seixanta anys, \u00e9s meravellosa.<\/p>\n<p>Mireu qu\u00e8 diu en Buddy de la seva amiga:<\/p>\n<p>&#8220;A m\u00e9s de no haver vist mai cap pel\u00b7l\u00edcula, tampoc mai no ha: menjat en un restaurant, viatjat m\u00e9s lluny de vuit quil\u00f2metres de casa, rebut o enviat cap telegrama, llegit res tret de tebeos i de la B\u00edblia, posat maquillatge, renegat, desitjat mal a ning\u00fa, mentit a posta, deixat que un gos amb gana continu\u00e9s amb gana. Vet aqu\u00ed unes quantes de les coses que ha fet: ha matat amb una aixada la serp de cascavell m\u00e9s grossa que mai s&#8217;ha vist en aquest comtat (setze cascavells), ha ensumat rap\u00e8 (en secret), ha domesticat colibrins fins que se li balancegen al dit (proveu-ho), ha explicat hist\u00f2ries de fantasmes (tots dos creiem en els fantasmes) tan estremidores que et deixen gla\u00e7at en ple mes de juliol, ha parlat amb ella mateixa, ha passejat sota la pluja, ha fet cr\u00e9ixer les cam\u00e8lies del Jap\u00f3 m\u00e9s maques de tot el poble, ha conservat les receptes de moltes menes de remeis indis, dels d&#8217;abans, incl\u00f2s un de m\u00e0gic, per treure les berrugues.&#8221;<\/p>\n<p>No us v\u00e9nen ganes de llegir-lo?<\/p>\n<p>Empar Barcons<\/p>\n<p><a href=\"http:\/\/agora.xtec.cat\/iesdelvoltreganes\/wp-content\/uploads\/usu618\/2015\/11\/capote.jpg\"><img loading=\"lazy\" decoding=\"async\" class=\"alignnone wp-image-632 size-medium\" src=\"https:\/\/agora.xtec.cat\/iesdelvoltreganes\/wp-content\/uploads\/usu618\/2015\/11\/capote-189x300.jpg\" alt=\"capote\" width=\"189\" height=\"300\" srcset=\"https:\/\/agora.xtec.cat\/iesdelvoltreganes\/wp-content\/uploads\/usu618\/2015\/11\/capote-189x300.jpg 189w, https:\/\/agora.xtec.cat\/iesdelvoltreganes\/wp-content\/uploads\/usu618\/2015\/11\/capote.jpg 416w\" sizes=\"auto, (max-width: 189px) 100vw, 189px\" \/><\/a><\/p>\n<p>&nbsp;<\/p>\n","protected":false},"excerpt":{"rendered":"<p>Ara que ve Nadal vull recomanar Tres contes de Truman Capote (Anagrama). \u00c9s un llibre que sempre m&#8217;ha agradat molt\u00edssim, un d&#8217;aquells que vaig rellegint al llarg dels anys. La traducci\u00f3 d&#8217;en Quim Monz\u00f3 no \u00e9s excel\u00b7lent per\u00f2 es deixa llegir.<br \/>\nS\u00f3n tres contes: &#8220;Un record&hellip;  <a href=\"https:\/\/agora.xtec.cat\/iesdelvoltreganes\/llibres-recomanats\/tres-contes-den-truman-capote\/\" title=\"Read Tres contes d&#8217;en Truman Capote\">Llegeix m\u00e9s\u00bb<\/a><\/p>\n","protected":false},"author":6,"featured_media":0,"comment_status":"open","ping_status":"closed","sticky":false,"template":"","format":"standard","meta":{"_bbp_topic_count":0,"_bbp_reply_count":0,"_bbp_total_topic_count":0,"_bbp_total_reply_count":0,"_bbp_voice_count":0,"_bbp_anonymous_reply_count":0,"_bbp_topic_count_hidden":0,"_bbp_reply_count_hidden":0,"_bbp_forum_subforum_count":0,"footnotes":""},"categories":[81],"tags":[82],"class_list":["post-630","post","type-post","status-publish","format-standard","hentry","category-llibres-recomanats","tag-llibres"],"post_mailing_queue_ids":[],"_links":{"self":[{"href":"https:\/\/agora.xtec.cat\/iesdelvoltreganes\/wp-json\/wp\/v2\/posts\/630","targetHints":{"allow":["GET"]}}],"collection":[{"href":"https:\/\/agora.xtec.cat\/iesdelvoltreganes\/wp-json\/wp\/v2\/posts"}],"about":[{"href":"https:\/\/agora.xtec.cat\/iesdelvoltreganes\/wp-json\/wp\/v2\/types\/post"}],"author":[{"embeddable":true,"href":"https:\/\/agora.xtec.cat\/iesdelvoltreganes\/wp-json\/wp\/v2\/users\/6"}],"replies":[{"embeddable":true,"href":"https:\/\/agora.xtec.cat\/iesdelvoltreganes\/wp-json\/wp\/v2\/comments?post=630"}],"version-history":[{"count":4,"href":"https:\/\/agora.xtec.cat\/iesdelvoltreganes\/wp-json\/wp\/v2\/posts\/630\/revisions"}],"predecessor-version":[{"id":4023,"href":"https:\/\/agora.xtec.cat\/iesdelvoltreganes\/wp-json\/wp\/v2\/posts\/630\/revisions\/4023"}],"wp:attachment":[{"href":"https:\/\/agora.xtec.cat\/iesdelvoltreganes\/wp-json\/wp\/v2\/media?parent=630"}],"wp:term":[{"taxonomy":"category","embeddable":true,"href":"https:\/\/agora.xtec.cat\/iesdelvoltreganes\/wp-json\/wp\/v2\/categories?post=630"},{"taxonomy":"post_tag","embeddable":true,"href":"https:\/\/agora.xtec.cat\/iesdelvoltreganes\/wp-json\/wp\/v2\/tags?post=630"}],"curies":[{"name":"wp","href":"https:\/\/api.w.org\/{rel}","templated":true}]}}