{"id":6289,"date":"2023-11-27T12:18:38","date_gmt":"2023-11-27T11:18:38","guid":{"rendered":"https:\/\/agora.xtec.cat\/iesdelvoltreganes\/?p=6289"},"modified":"2023-11-27T12:19:41","modified_gmt":"2023-11-27T11:19:41","slug":"setmana-de-la-ciencia-anem-al-riu","status":"publish","type":"post","link":"https:\/\/agora.xtec.cat\/iesdelvoltreganes\/general\/setmana-de-la-ciencia-anem-al-riu\/","title":{"rendered":"Setmana de la ci\u00e8ncia: &#8220;Anem al riu&#8221;"},"content":{"rendered":"<p>El passat 10 de novembre i dins del marc de la Setmana de la Ci\u00e8ncia, els alumnes de 1r de Batxillerat que cursen l&#8217;optativa de Reptes de Biologia i Geologia vam anar a fer una inspecci\u00f3 del riu Ter a Les Masies de Voltreg\u00e0.<\/p>\n<p>Durant les setmanes pr\u00e8vies hem treballat a classe en diferents grups els diferents factors que determinen la qualitat del riu: les propietats f\u00edsico-qu\u00edmiques, la vegetaci\u00f3, els macroinvertebrats, aus i rastres.<\/p>\n<p>L&#8217;objectiu d&#8217;aquesta inspecci\u00f3 ser\u00e0 determinar la qualitat del riu al seu pas per a Les Masies de Voltreg\u00e0, prendre consci\u00e8ncia que la qualitat del riu determina la biodiversitat al voltant d&#8217;aquest i que cal fer un esfor\u00e7 per tenir cura del riu per benefici de tots.<\/p>\n<p><a href=\"https:\/\/agora.xtec.cat\/iesdelvoltreganes\/wp-content\/uploads\/usu618\/2023\/11\/IMG_20231110_130736-1.jpg\"><img loading=\"lazy\" decoding=\"async\" class=\"size-medium wp-image-6290 aligncenter\" src=\"https:\/\/agora.xtec.cat\/iesdelvoltreganes\/wp-content\/uploads\/usu618\/2023\/11\/IMG_20231110_130736-1-225x300.jpg\" alt=\"\" width=\"225\" height=\"300\" srcset=\"https:\/\/agora.xtec.cat\/iesdelvoltreganes\/wp-content\/uploads\/usu618\/2023\/11\/IMG_20231110_130736-1-225x300.jpg 225w, https:\/\/agora.xtec.cat\/iesdelvoltreganes\/wp-content\/uploads\/usu618\/2023\/11\/IMG_20231110_130736-1.jpg 642w\" sizes=\"auto, (max-width: 225px) 100vw, 225px\" \/><\/a><\/p>\n<p><a href=\"https:\/\/agora.xtec.cat\/iesdelvoltreganes\/wp-content\/uploads\/usu618\/2023\/11\/IMG_20231110_131339.jpg\"><img loading=\"lazy\" decoding=\"async\" class=\"size-medium wp-image-6291 aligncenter\" src=\"https:\/\/agora.xtec.cat\/iesdelvoltreganes\/wp-content\/uploads\/usu618\/2023\/11\/IMG_20231110_131339-225x300.jpg\" alt=\"\" width=\"225\" height=\"300\" srcset=\"https:\/\/agora.xtec.cat\/iesdelvoltreganes\/wp-content\/uploads\/usu618\/2023\/11\/IMG_20231110_131339-225x300.jpg 225w, https:\/\/agora.xtec.cat\/iesdelvoltreganes\/wp-content\/uploads\/usu618\/2023\/11\/IMG_20231110_131339.jpg 642w\" sizes=\"auto, (max-width: 225px) 100vw, 225px\" \/><\/a><\/p>\n<p><a href=\"https:\/\/agora.xtec.cat\/iesdelvoltreganes\/wp-content\/uploads\/usu618\/2023\/11\/IMG_20231110_132025.jpg\"><img loading=\"lazy\" decoding=\"async\" class=\"size-medium wp-image-6292 aligncenter\" src=\"https:\/\/agora.xtec.cat\/iesdelvoltreganes\/wp-content\/uploads\/usu618\/2023\/11\/IMG_20231110_132025-225x300.jpg\" alt=\"\" width=\"225\" height=\"300\" srcset=\"https:\/\/agora.xtec.cat\/iesdelvoltreganes\/wp-content\/uploads\/usu618\/2023\/11\/IMG_20231110_132025-225x300.jpg 225w, https:\/\/agora.xtec.cat\/iesdelvoltreganes\/wp-content\/uploads\/usu618\/2023\/11\/IMG_20231110_132025.jpg 642w\" sizes=\"auto, (max-width: 225px) 100vw, 225px\" \/><\/a><\/p>\n","protected":false},"excerpt":{"rendered":"<p>El passat 10 de novembre i dins del marc de la Setmana de la Ci\u00e8ncia, els alumnes de 1r de Batxillerat que cursen l&#8217;optativa de Reptes de Biologia i Geologia vam anar a fer una inspecci\u00f3 del riu Ter a Les Masies de Voltreg\u00e0.<br \/>\nDurant les&hellip;  <a href=\"https:\/\/agora.xtec.cat\/iesdelvoltreganes\/general\/setmana-de-la-ciencia-anem-al-riu\/\" title=\"Read Setmana de la ci\u00e8ncia: &#8220;Anem al riu&#8221;\">Llegeix m\u00e9s\u00bb<\/a><\/p>\n","protected":false},"author":6,"featured_media":0,"comment_status":"closed","ping_status":"closed","sticky":false,"template":"","format":"standard","meta":{"_bbp_topic_count":0,"_bbp_reply_count":0,"_bbp_total_topic_count":0,"_bbp_total_reply_count":0,"_bbp_voice_count":0,"_bbp_anonymous_reply_count":0,"_bbp_topic_count_hidden":0,"_bbp_reply_count_hidden":0,"_bbp_forum_subforum_count":0,"footnotes":""},"categories":[8,65,1,29],"tags":[154],"class_list":["post-6289","post","type-post","status-publish","format-standard","hentry","category-batxillerat","category-ciencies-experimentals","category-general","category-portada","tag-setmana-de-la-ciencia"],"post_mailing_queue_ids":[],"_links":{"self":[{"href":"https:\/\/agora.xtec.cat\/iesdelvoltreganes\/wp-json\/wp\/v2\/posts\/6289","targetHints":{"allow":["GET"]}}],"collection":[{"href":"https:\/\/agora.xtec.cat\/iesdelvoltreganes\/wp-json\/wp\/v2\/posts"}],"about":[{"href":"https:\/\/agora.xtec.cat\/iesdelvoltreganes\/wp-json\/wp\/v2\/types\/post"}],"author":[{"embeddable":true,"href":"https:\/\/agora.xtec.cat\/iesdelvoltreganes\/wp-json\/wp\/v2\/users\/6"}],"replies":[{"embeddable":true,"href":"https:\/\/agora.xtec.cat\/iesdelvoltreganes\/wp-json\/wp\/v2\/comments?post=6289"}],"version-history":[{"count":3,"href":"https:\/\/agora.xtec.cat\/iesdelvoltreganes\/wp-json\/wp\/v2\/posts\/6289\/revisions"}],"predecessor-version":[{"id":6295,"href":"https:\/\/agora.xtec.cat\/iesdelvoltreganes\/wp-json\/wp\/v2\/posts\/6289\/revisions\/6295"}],"wp:attachment":[{"href":"https:\/\/agora.xtec.cat\/iesdelvoltreganes\/wp-json\/wp\/v2\/media?parent=6289"}],"wp:term":[{"taxonomy":"category","embeddable":true,"href":"https:\/\/agora.xtec.cat\/iesdelvoltreganes\/wp-json\/wp\/v2\/categories?post=6289"},{"taxonomy":"post_tag","embeddable":true,"href":"https:\/\/agora.xtec.cat\/iesdelvoltreganes\/wp-json\/wp\/v2\/tags?post=6289"}],"curies":[{"name":"wp","href":"https:\/\/api.w.org\/{rel}","templated":true}]}}