{"id":6255,"date":"2023-11-14T18:00:43","date_gmt":"2023-11-14T17:00:43","guid":{"rendered":"https:\/\/agora.xtec.cat\/iesdelvoltreganes\/?p=6255"},"modified":"2023-11-15T11:41:03","modified_gmt":"2023-11-15T10:41:03","slug":"projecte-etwinning-amb-un-centre-frances","status":"publish","type":"post","link":"https:\/\/agora.xtec.cat\/iesdelvoltreganes\/general\/projecte-etwinning-amb-un-centre-frances\/","title":{"rendered":"Projecte Etwinning amb un centre franc\u00e8s"},"content":{"rendered":"<p><a href=\"https:\/\/agora.xtec.cat\/iesdelvoltreganes\/wp-content\/uploads\/usu618\/2023\/11\/Image-Catalogne-France.jpg\"><img loading=\"lazy\" decoding=\"async\" class=\"size-medium wp-image-6263 aligncenter\" src=\"https:\/\/agora.xtec.cat\/iesdelvoltreganes\/wp-content\/uploads\/usu618\/2023\/11\/Image-Catalogne-France-300x240.jpg\" alt=\"\" width=\"300\" height=\"240\" srcset=\"https:\/\/agora.xtec.cat\/iesdelvoltreganes\/wp-content\/uploads\/usu618\/2023\/11\/Image-Catalogne-France-300x240.jpg 300w, https:\/\/agora.xtec.cat\/iesdelvoltreganes\/wp-content\/uploads\/usu618\/2023\/11\/Image-Catalogne-France.jpg 400w\" sizes=\"auto, (max-width: 300px) 100vw, 300px\" \/><\/a><\/p>\n<p>Aquest any se\u2019ns ha presentat una oportunitat d\u2019intercanvi de projectes fant\u00e0stica entre Fran\u00e7a i Catalunya.<br \/>\nL\u2019alumnat de franc\u00e8s de 3r, 4t i 2n de Bat treballaran, conjuntament amb els estudiants del pa\u00eds ve\u00ed, al voltant del fil conductor de l\u2019HUMOR com a eina de cohesi\u00f3 tant cultural com social.<br \/>\nEls estudiants crearan treballs cooperatius en diverses plataformes digitals (kahoots; canvas; padlets;infografies,&#8230;) que es presentaran, alguns d\u2019ells, en format v\u00eddeo trucada.<br \/>\nLes lleng\u00fces vehiculars seran tant el franc\u00e8s, com l\u2019angl\u00e8s i el castell\u00e0 doncs s\u00f3n les lleng\u00fces que s\u2019estudien a ambd\u00f3s centres escolars.<br \/>\nEstem molt engrescats i desitjant que aquest projecte pugui traslladar-se a un intercanvi real el pr\u00f2xim curs escolar.<br \/>\nUs posarem al dia amb cosetes que anem fent i penjarem una bona colla de fotos a mida que el projecte en com\u00fa vagi prenent forma.<br \/>\n\u00c0 bient\u00f4t!<\/p>\n","protected":false},"excerpt":{"rendered":"<p><a href=\"https:\/\/agora.xtec.cat\/iesdelvoltreganes\/wp-content\/uploads\/usu618\/2023\/11\/Image-Catalogne-France.jpg\"><\/a><br \/>\nAquest any se\u2019ns ha presentat una oportunitat d\u2019intercanvi de projectes fant\u00e0stica entre Fran\u00e7a i Catalunya.<br \/>\nL\u2019alumnat de franc\u00e8s de 3r, 4t i 2n de Bat treballaran, conjuntament amb els estudiants del pa\u00eds ve\u00ed, al voltant del fil conductor de l\u2019HUMOR com a eina de cohesi\u00f3&hellip;  <a href=\"https:\/\/agora.xtec.cat\/iesdelvoltreganes\/general\/projecte-etwinning-amb-un-centre-frances\/\" title=\"Read Projecte Etwinning amb un centre franc\u00e8s\">Llegeix m\u00e9s\u00bb<\/a><\/p>\n","protected":false},"author":6,"featured_media":0,"comment_status":"closed","ping_status":"closed","sticky":false,"template":"","format":"standard","meta":{"_bbp_topic_count":0,"_bbp_reply_count":0,"_bbp_total_topic_count":0,"_bbp_total_reply_count":0,"_bbp_voice_count":0,"_bbp_anonymous_reply_count":0,"_bbp_topic_count_hidden":0,"_bbp_reply_count_hidden":0,"_bbp_forum_subforum_count":0,"footnotes":""},"categories":[1,71,29],"tags":[87],"class_list":["post-6255","post","type-post","status-publish","format-standard","hentry","category-general","category-llengues-estrangeres","category-portada","tag-projectes"],"post_mailing_queue_ids":[],"_links":{"self":[{"href":"https:\/\/agora.xtec.cat\/iesdelvoltreganes\/wp-json\/wp\/v2\/posts\/6255","targetHints":{"allow":["GET"]}}],"collection":[{"href":"https:\/\/agora.xtec.cat\/iesdelvoltreganes\/wp-json\/wp\/v2\/posts"}],"about":[{"href":"https:\/\/agora.xtec.cat\/iesdelvoltreganes\/wp-json\/wp\/v2\/types\/post"}],"author":[{"embeddable":true,"href":"https:\/\/agora.xtec.cat\/iesdelvoltreganes\/wp-json\/wp\/v2\/users\/6"}],"replies":[{"embeddable":true,"href":"https:\/\/agora.xtec.cat\/iesdelvoltreganes\/wp-json\/wp\/v2\/comments?post=6255"}],"version-history":[{"count":3,"href":"https:\/\/agora.xtec.cat\/iesdelvoltreganes\/wp-json\/wp\/v2\/posts\/6255\/revisions"}],"predecessor-version":[{"id":6264,"href":"https:\/\/agora.xtec.cat\/iesdelvoltreganes\/wp-json\/wp\/v2\/posts\/6255\/revisions\/6264"}],"wp:attachment":[{"href":"https:\/\/agora.xtec.cat\/iesdelvoltreganes\/wp-json\/wp\/v2\/media?parent=6255"}],"wp:term":[{"taxonomy":"category","embeddable":true,"href":"https:\/\/agora.xtec.cat\/iesdelvoltreganes\/wp-json\/wp\/v2\/categories?post=6255"},{"taxonomy":"post_tag","embeddable":true,"href":"https:\/\/agora.xtec.cat\/iesdelvoltreganes\/wp-json\/wp\/v2\/tags?post=6255"}],"curies":[{"name":"wp","href":"https:\/\/api.w.org\/{rel}","templated":true}]}}