{"id":6251,"date":"2023-11-13T13:14:18","date_gmt":"2023-11-13T12:14:18","guid":{"rendered":"https:\/\/agora.xtec.cat\/iesdelvoltreganes\/?p=6251"},"modified":"2023-11-13T13:15:08","modified_gmt":"2023-11-13T12:15:08","slug":"comencem-un-projecte-etwinning-en-alemany","status":"publish","type":"post","link":"https:\/\/agora.xtec.cat\/iesdelvoltreganes\/general\/comencem-un-projecte-etwinning-en-alemany\/","title":{"rendered":"Comencem un projecte Etwinning en alemany"},"content":{"rendered":"<p><a href=\"https:\/\/agora.xtec.cat\/iesdelvoltreganes\/wp-content\/uploads\/usu618\/2023\/11\/etwinning.jpeg\"><img loading=\"lazy\" decoding=\"async\" class=\"size-medium wp-image-6252 aligncenter\" src=\"https:\/\/agora.xtec.cat\/iesdelvoltreganes\/wp-content\/uploads\/usu618\/2023\/11\/etwinning-300x135.jpeg\" alt=\"\" width=\"300\" height=\"135\" srcset=\"https:\/\/agora.xtec.cat\/iesdelvoltreganes\/wp-content\/uploads\/usu618\/2023\/11\/etwinning-300x135.jpeg 300w, https:\/\/agora.xtec.cat\/iesdelvoltreganes\/wp-content\/uploads\/usu618\/2023\/11\/etwinning-1024x461.jpeg 1024w, https:\/\/agora.xtec.cat\/iesdelvoltreganes\/wp-content\/uploads\/usu618\/2023\/11\/etwinning-768x346.jpeg 768w, https:\/\/agora.xtec.cat\/iesdelvoltreganes\/wp-content\/uploads\/usu618\/2023\/11\/etwinning-1536x691.jpeg 1536w, https:\/\/agora.xtec.cat\/iesdelvoltreganes\/wp-content\/uploads\/usu618\/2023\/11\/etwinning.jpeg 1600w\" sizes=\"auto, (max-width: 300px) 100vw, 300px\" \/><\/a><\/p>\n<p>Durant tot el curs els alumnes de 2n i 3r d&#8217;ESO que fan l&#8217;assignatura d&#8217;alemany iniciaran un projecte Etwinning on la llengua vehicular ser\u00e0 l&#8217;alemany. Aquest projecte es diu &#8220;Auf neuen Wegen Deutsch lernen&#8221; (aprendre alemany amb nous camins) i tracta de con\u00e8ixer-se amb alumnes d&#8217;altres centres europeus, en concret de Pol\u00f2nia, It\u00e0lia i Turquia, i compartir, amb ells, interessos, experi\u00e8ncies, etc&#8230; i tot en alemany!!!!<\/p>\n<p>La primera tasca ha sigut crear un Padlet on tots ens hem presentat i hem creat un avatar nostre perqu\u00e8 els altres centres ens poguessin con\u00e8ixer. La segona tasca que estem acabant tot just ara \u00e9s la d&#8217;escriure una carta a m\u00e0 amb un\/a alumne\/a d&#8217;un altre centre i enviar-la per despr\u00e9s donar-li resposta. Ens serveix molt per posar en pr\u00e0ctica la llengua alemanya i que el que aprenem a classe es vegi reflectit despr\u00e9s en entendre&#8217;s amb persones d&#8217;altres indrets.<\/p>\n<p>Us seguirem informant&#8230;<\/p>\n","protected":false},"excerpt":{"rendered":"<p><a href=\"https:\/\/agora.xtec.cat\/iesdelvoltreganes\/wp-content\/uploads\/usu618\/2023\/11\/etwinning.jpeg\"><\/a><br \/>\nDurant tot el curs els alumnes de 2n i 3r d&#8217;ESO que fan l&#8217;assignatura d&#8217;alemany iniciaran un projecte Etwinning on la llengua vehicular ser\u00e0 l&#8217;alemany. Aquest projecte es diu &#8220;Auf neuen Wegen Deutsch lernen&#8221; (aprendre alemany amb nous camins) i tracta de con\u00e8ixer-se amb&hellip;  <a href=\"https:\/\/agora.xtec.cat\/iesdelvoltreganes\/general\/comencem-un-projecte-etwinning-en-alemany\/\" title=\"Read Comencem un projecte Etwinning en alemany\">Llegeix m\u00e9s\u00bb<\/a><\/p>\n","protected":false},"author":6,"featured_media":0,"comment_status":"closed","ping_status":"closed","sticky":false,"template":"","format":"standard","meta":{"_bbp_topic_count":0,"_bbp_reply_count":0,"_bbp_total_topic_count":0,"_bbp_total_reply_count":0,"_bbp_voice_count":0,"_bbp_anonymous_reply_count":0,"_bbp_topic_count_hidden":0,"_bbp_reply_count_hidden":0,"_bbp_forum_subforum_count":0,"footnotes":""},"categories":[1,71,29],"tags":[],"class_list":["post-6251","post","type-post","status-publish","format-standard","hentry","category-general","category-llengues-estrangeres","category-portada"],"post_mailing_queue_ids":[],"_links":{"self":[{"href":"https:\/\/agora.xtec.cat\/iesdelvoltreganes\/wp-json\/wp\/v2\/posts\/6251","targetHints":{"allow":["GET"]}}],"collection":[{"href":"https:\/\/agora.xtec.cat\/iesdelvoltreganes\/wp-json\/wp\/v2\/posts"}],"about":[{"href":"https:\/\/agora.xtec.cat\/iesdelvoltreganes\/wp-json\/wp\/v2\/types\/post"}],"author":[{"embeddable":true,"href":"https:\/\/agora.xtec.cat\/iesdelvoltreganes\/wp-json\/wp\/v2\/users\/6"}],"replies":[{"embeddable":true,"href":"https:\/\/agora.xtec.cat\/iesdelvoltreganes\/wp-json\/wp\/v2\/comments?post=6251"}],"version-history":[{"count":2,"href":"https:\/\/agora.xtec.cat\/iesdelvoltreganes\/wp-json\/wp\/v2\/posts\/6251\/revisions"}],"predecessor-version":[{"id":6254,"href":"https:\/\/agora.xtec.cat\/iesdelvoltreganes\/wp-json\/wp\/v2\/posts\/6251\/revisions\/6254"}],"wp:attachment":[{"href":"https:\/\/agora.xtec.cat\/iesdelvoltreganes\/wp-json\/wp\/v2\/media?parent=6251"}],"wp:term":[{"taxonomy":"category","embeddable":true,"href":"https:\/\/agora.xtec.cat\/iesdelvoltreganes\/wp-json\/wp\/v2\/categories?post=6251"},{"taxonomy":"post_tag","embeddable":true,"href":"https:\/\/agora.xtec.cat\/iesdelvoltreganes\/wp-json\/wp\/v2\/tags?post=6251"}],"curies":[{"name":"wp","href":"https:\/\/api.w.org\/{rel}","templated":true}]}}