{"id":6249,"date":"2023-11-08T18:45:31","date_gmt":"2023-11-08T17:45:31","guid":{"rendered":"https:\/\/agora.xtec.cat\/iesdelvoltreganes\/?p=6249"},"modified":"2023-11-08T18:45:31","modified_gmt":"2023-11-08T17:45:31","slug":"ja-som-mes-a-prop-ja-venim-sala-beckett","status":"publish","type":"post","link":"https:\/\/agora.xtec.cat\/iesdelvoltreganes\/general\/ja-som-mes-a-prop-ja-venim-sala-beckett\/","title":{"rendered":"&#8220;Ja som m\u00e9s a prop&#8230; ja venim Sala Beckett!"},"content":{"rendered":"<p>Avui, a la biblioteca del centre, els alumnes del projecte de la lectura dramatitzada d&#8217;una obra pr\u00f2pia a la Sala Beckett, han rebut la visita d&#8217;en V\u00edctor (t\u00e8cnic de la Sala).<br \/>\nMolt entregat a la causa, ha escoltat totes les escenes i, atentament, ha anat remarcant i aconsellant, tot aportant alguna dada pr\u00e0ctica concreta d&#8217;all\u00f2 que es trobaran, com ser\u00e0 l&#8217;escenari&#8230;per anar fent boca i anar-nos preparant.<br \/>\nNosaltres hem acabat amb un: esperem que all\u00ed quedi b\u00e9. I ell ens ha respost: hi quedar\u00e0, esteu fent bona feina i aneu b\u00e9 de temps!<br \/>\nAnimats, perseguirem el nostre objectiu, cada cop m\u00e9s a tocar.&#8221;<\/p>\n","protected":false},"excerpt":{"rendered":"<p>Avui, a la biblioteca del centre, els alumnes del projecte de la lectura dramatitzada d&#8217;una obra pr\u00f2pia a la Sala Beckett, han rebut la visita d&#8217;en V\u00edctor (t\u00e8cnic de la Sala).<br \/>\nMolt entregat a la causa, ha escoltat totes les escenes i, atentament, ha anat remarcant&hellip;  <a href=\"https:\/\/agora.xtec.cat\/iesdelvoltreganes\/general\/ja-som-mes-a-prop-ja-venim-sala-beckett\/\" title=\"Read &#8220;Ja som m\u00e9s a prop&#8230; ja venim Sala Beckett!\">Llegeix m\u00e9s\u00bb<\/a><\/p>\n","protected":false},"author":6,"featured_media":0,"comment_status":"closed","ping_status":"closed","sticky":false,"template":"","format":"standard","meta":{"_bbp_topic_count":0,"_bbp_reply_count":0,"_bbp_total_topic_count":0,"_bbp_total_reply_count":0,"_bbp_voice_count":0,"_bbp_anonymous_reply_count":0,"_bbp_topic_count_hidden":0,"_bbp_reply_count_hidden":0,"_bbp_forum_subforum_count":0,"footnotes":""},"categories":[7,1,72,29],"tags":[],"class_list":["post-6249","post","type-post","status-publish","format-standard","hentry","category-eso-4","category-general","category-llengues-i-literatura","category-portada"],"post_mailing_queue_ids":[],"_links":{"self":[{"href":"https:\/\/agora.xtec.cat\/iesdelvoltreganes\/wp-json\/wp\/v2\/posts\/6249","targetHints":{"allow":["GET"]}}],"collection":[{"href":"https:\/\/agora.xtec.cat\/iesdelvoltreganes\/wp-json\/wp\/v2\/posts"}],"about":[{"href":"https:\/\/agora.xtec.cat\/iesdelvoltreganes\/wp-json\/wp\/v2\/types\/post"}],"author":[{"embeddable":true,"href":"https:\/\/agora.xtec.cat\/iesdelvoltreganes\/wp-json\/wp\/v2\/users\/6"}],"replies":[{"embeddable":true,"href":"https:\/\/agora.xtec.cat\/iesdelvoltreganes\/wp-json\/wp\/v2\/comments?post=6249"}],"version-history":[{"count":1,"href":"https:\/\/agora.xtec.cat\/iesdelvoltreganes\/wp-json\/wp\/v2\/posts\/6249\/revisions"}],"predecessor-version":[{"id":6250,"href":"https:\/\/agora.xtec.cat\/iesdelvoltreganes\/wp-json\/wp\/v2\/posts\/6249\/revisions\/6250"}],"wp:attachment":[{"href":"https:\/\/agora.xtec.cat\/iesdelvoltreganes\/wp-json\/wp\/v2\/media?parent=6249"}],"wp:term":[{"taxonomy":"category","embeddable":true,"href":"https:\/\/agora.xtec.cat\/iesdelvoltreganes\/wp-json\/wp\/v2\/categories?post=6249"},{"taxonomy":"post_tag","embeddable":true,"href":"https:\/\/agora.xtec.cat\/iesdelvoltreganes\/wp-json\/wp\/v2\/tags?post=6249"}],"curies":[{"name":"wp","href":"https:\/\/api.w.org\/{rel}","templated":true}]}}