{"id":6228,"date":"2023-11-03T11:24:28","date_gmt":"2023-11-03T10:24:28","guid":{"rendered":"https:\/\/agora.xtec.cat\/iesdelvoltreganes\/?p=6228"},"modified":"2023-11-03T11:24:28","modified_gmt":"2023-11-03T10:24:28","slug":"halloween-short-stories","status":"publish","type":"post","link":"https:\/\/agora.xtec.cat\/iesdelvoltreganes\/general\/halloween-short-stories\/","title":{"rendered":"Halloween short stories"},"content":{"rendered":"<p>Una activitat diferent que han fet aquest any els alumnes de 3r d&#8217;ESO dins la mat\u00e8ria d&#8217;angl\u00e8s ha estat la redacci\u00f3 d&#8217;una hist\u00f2ria curta sobre all\u00f2 que m\u00e9s els hi fa por o d&#8217;alguna situaci\u00f3 inquietant, acompanyada d&#8217;una imatge. D&#8217;aquesta manera, han pogut transmetre emocions d&#8217;una manera directa i concisa fent servir la llengua anglesa. Ho han pogut experimentar ells mateixos llegint les hist\u00f2ries dels seus companys i decidint quina era la que millor de cada grup que aconseguia expressar-ho (coavaluaci\u00f3).<\/p>\n<p><a href=\"https:\/\/agora.xtec.cat\/iesdelvoltreganes\/wp-content\/uploads\/usu618\/2023\/11\/image-4.png\"><img loading=\"lazy\" decoding=\"async\" class=\"size-medium wp-image-6229 aligncenter\" src=\"https:\/\/agora.xtec.cat\/iesdelvoltreganes\/wp-content\/uploads\/usu618\/2023\/11\/image-4-300x230.png\" alt=\"\" width=\"300\" height=\"230\" srcset=\"https:\/\/agora.xtec.cat\/iesdelvoltreganes\/wp-content\/uploads\/usu618\/2023\/11\/image-4-300x230.png 300w, https:\/\/agora.xtec.cat\/iesdelvoltreganes\/wp-content\/uploads\/usu618\/2023\/11\/image-4-1024x784.png 1024w, https:\/\/agora.xtec.cat\/iesdelvoltreganes\/wp-content\/uploads\/usu618\/2023\/11\/image-4-768x588.png 768w, https:\/\/agora.xtec.cat\/iesdelvoltreganes\/wp-content\/uploads\/usu618\/2023\/11\/image-4.png 1035w\" sizes=\"auto, (max-width: 300px) 100vw, 300px\" \/><\/a><\/p>\n","protected":false},"excerpt":{"rendered":"<p>Una activitat diferent que han fet aquest any els alumnes de 3r d&#8217;ESO dins la mat\u00e8ria d&#8217;angl\u00e8s ha estat la redacci\u00f3 d&#8217;una hist\u00f2ria curta sobre all\u00f2 que m\u00e9s els hi fa por o d&#8217;alguna situaci\u00f3 inquietant, acompanyada d&#8217;una imatge. D&#8217;aquesta manera, han pogut transmetre emocions&hellip;  <a href=\"https:\/\/agora.xtec.cat\/iesdelvoltreganes\/general\/halloween-short-stories\/\" title=\"Read Halloween short stories\">Llegeix m\u00e9s\u00bb<\/a><\/p>\n","protected":false},"author":6,"featured_media":0,"comment_status":"closed","ping_status":"closed","sticky":false,"template":"","format":"standard","meta":{"_bbp_topic_count":0,"_bbp_reply_count":0,"_bbp_total_topic_count":0,"_bbp_total_reply_count":0,"_bbp_voice_count":0,"_bbp_anonymous_reply_count":0,"_bbp_topic_count_hidden":0,"_bbp_reply_count_hidden":0,"_bbp_forum_subforum_count":0,"footnotes":""},"categories":[5,1,71,29],"tags":[],"class_list":["post-6228","post","type-post","status-publish","format-standard","hentry","category-eso-2","category-general","category-llengues-estrangeres","category-portada"],"post_mailing_queue_ids":[],"_links":{"self":[{"href":"https:\/\/agora.xtec.cat\/iesdelvoltreganes\/wp-json\/wp\/v2\/posts\/6228","targetHints":{"allow":["GET"]}}],"collection":[{"href":"https:\/\/agora.xtec.cat\/iesdelvoltreganes\/wp-json\/wp\/v2\/posts"}],"about":[{"href":"https:\/\/agora.xtec.cat\/iesdelvoltreganes\/wp-json\/wp\/v2\/types\/post"}],"author":[{"embeddable":true,"href":"https:\/\/agora.xtec.cat\/iesdelvoltreganes\/wp-json\/wp\/v2\/users\/6"}],"replies":[{"embeddable":true,"href":"https:\/\/agora.xtec.cat\/iesdelvoltreganes\/wp-json\/wp\/v2\/comments?post=6228"}],"version-history":[{"count":1,"href":"https:\/\/agora.xtec.cat\/iesdelvoltreganes\/wp-json\/wp\/v2\/posts\/6228\/revisions"}],"predecessor-version":[{"id":6230,"href":"https:\/\/agora.xtec.cat\/iesdelvoltreganes\/wp-json\/wp\/v2\/posts\/6228\/revisions\/6230"}],"wp:attachment":[{"href":"https:\/\/agora.xtec.cat\/iesdelvoltreganes\/wp-json\/wp\/v2\/media?parent=6228"}],"wp:term":[{"taxonomy":"category","embeddable":true,"href":"https:\/\/agora.xtec.cat\/iesdelvoltreganes\/wp-json\/wp\/v2\/categories?post=6228"},{"taxonomy":"post_tag","embeddable":true,"href":"https:\/\/agora.xtec.cat\/iesdelvoltreganes\/wp-json\/wp\/v2\/tags?post=6228"}],"curies":[{"name":"wp","href":"https:\/\/api.w.org\/{rel}","templated":true}]}}