{"id":6225,"date":"2023-11-03T11:21:29","date_gmt":"2023-11-03T10:21:29","guid":{"rendered":"https:\/\/agora.xtec.cat\/iesdelvoltreganes\/?p=6225"},"modified":"2023-11-03T11:21:29","modified_gmt":"2023-11-03T10:21:29","slug":"la-entrevista-de-la-revista","status":"publish","type":"post","link":"https:\/\/agora.xtec.cat\/iesdelvoltreganes\/general\/la-entrevista-de-la-revista\/","title":{"rendered":"&#8220;La entrevista de la revista&#8221;"},"content":{"rendered":"<p>Dins la mat\u00e8ria de llengua castellana, els alumnes de 2n d&#8217;ESO han participat en un petit projecte d&#8217;expressi\u00f3 escrita anomenat &#8220;La entrevista de la revista&#8221;. Fent el paper de periodistes, han entrevistat un membre de la seva fam\u00edlia que han considerat que podia fer-los con\u00e8ixer i explicar-los fets i opinions interessants de la seva vida i la seva experi\u00e8ncia. Els alumnes han treballat tant en la confecci\u00f3 com en el resultat, i tamb\u00e9 han pogut llegir i avaluar la feina dels seus companys (coavaluaci\u00f3). Cal agrair\u00a0la col\u00b7laboraci\u00f3 desinteressada i la bona predisposici\u00f3 de tots els entrevistats, ja que han participat\u00a0activament en el proc\u00e9s\u00a0d&#8217;aprenentatge dels nostres estudiants.<\/p>\n<p><a href=\"https:\/\/agora.xtec.cat\/iesdelvoltreganes\/wp-content\/uploads\/usu618\/2023\/11\/image-3.png\" target=\"_blank\" rel=\"noopener\"><img loading=\"lazy\" decoding=\"async\" class=\"aligncenter wp-image-6226 size-medium\" src=\"https:\/\/agora.xtec.cat\/iesdelvoltreganes\/wp-content\/uploads\/usu618\/2023\/11\/image-3-300x287.png\" alt=\"\" width=\"300\" height=\"287\" srcset=\"https:\/\/agora.xtec.cat\/iesdelvoltreganes\/wp-content\/uploads\/usu618\/2023\/11\/image-3-300x287.png 300w, https:\/\/agora.xtec.cat\/iesdelvoltreganes\/wp-content\/uploads\/usu618\/2023\/11\/image-3-768x735.png 768w, https:\/\/agora.xtec.cat\/iesdelvoltreganes\/wp-content\/uploads\/usu618\/2023\/11\/image-3.png 778w\" sizes=\"auto, (max-width: 300px) 100vw, 300px\" \/><\/a><\/p>\n<p>&nbsp;<\/p>\n","protected":false},"excerpt":{"rendered":"<p>Dins la mat\u00e8ria de llengua castellana, els alumnes de 2n d&#8217;ESO han participat en un petit projecte d&#8217;expressi\u00f3 escrita anomenat &#8220;La entrevista de la revista&#8221;. Fent el paper de periodistes, han entrevistat un membre de la seva fam\u00edlia que han considerat que podia fer-los con\u00e8ixer&hellip;  <a href=\"https:\/\/agora.xtec.cat\/iesdelvoltreganes\/general\/la-entrevista-de-la-revista\/\" title=\"Read &#8220;La entrevista de la revista&#8221;\">Llegeix m\u00e9s\u00bb<\/a><\/p>\n","protected":false},"author":6,"featured_media":0,"comment_status":"closed","ping_status":"closed","sticky":false,"template":"","format":"standard","meta":{"_bbp_topic_count":0,"_bbp_reply_count":0,"_bbp_total_topic_count":0,"_bbp_total_reply_count":0,"_bbp_voice_count":0,"_bbp_anonymous_reply_count":0,"_bbp_topic_count_hidden":0,"_bbp_reply_count_hidden":0,"_bbp_forum_subforum_count":0,"footnotes":""},"categories":[5,1,72,29],"tags":[],"class_list":["post-6225","post","type-post","status-publish","format-standard","hentry","category-eso-2","category-general","category-llengues-i-literatura","category-portada"],"post_mailing_queue_ids":[],"_links":{"self":[{"href":"https:\/\/agora.xtec.cat\/iesdelvoltreganes\/wp-json\/wp\/v2\/posts\/6225","targetHints":{"allow":["GET"]}}],"collection":[{"href":"https:\/\/agora.xtec.cat\/iesdelvoltreganes\/wp-json\/wp\/v2\/posts"}],"about":[{"href":"https:\/\/agora.xtec.cat\/iesdelvoltreganes\/wp-json\/wp\/v2\/types\/post"}],"author":[{"embeddable":true,"href":"https:\/\/agora.xtec.cat\/iesdelvoltreganes\/wp-json\/wp\/v2\/users\/6"}],"replies":[{"embeddable":true,"href":"https:\/\/agora.xtec.cat\/iesdelvoltreganes\/wp-json\/wp\/v2\/comments?post=6225"}],"version-history":[{"count":1,"href":"https:\/\/agora.xtec.cat\/iesdelvoltreganes\/wp-json\/wp\/v2\/posts\/6225\/revisions"}],"predecessor-version":[{"id":6227,"href":"https:\/\/agora.xtec.cat\/iesdelvoltreganes\/wp-json\/wp\/v2\/posts\/6225\/revisions\/6227"}],"wp:attachment":[{"href":"https:\/\/agora.xtec.cat\/iesdelvoltreganes\/wp-json\/wp\/v2\/media?parent=6225"}],"wp:term":[{"taxonomy":"category","embeddable":true,"href":"https:\/\/agora.xtec.cat\/iesdelvoltreganes\/wp-json\/wp\/v2\/categories?post=6225"},{"taxonomy":"post_tag","embeddable":true,"href":"https:\/\/agora.xtec.cat\/iesdelvoltreganes\/wp-json\/wp\/v2\/tags?post=6225"}],"curies":[{"name":"wp","href":"https:\/\/api.w.org\/{rel}","templated":true}]}}