{"id":6198,"date":"2023-10-20T08:48:33","date_gmt":"2023-10-20T06:48:33","guid":{"rendered":"https:\/\/agora.xtec.cat\/iesdelvoltreganes\/?p=6198"},"modified":"2023-10-20T08:48:33","modified_gmt":"2023-10-20T06:48:33","slug":"dinamitzacio-de-delegats","status":"publish","type":"post","link":"https:\/\/agora.xtec.cat\/iesdelvoltreganes\/general\/dinamitzacio-de-delegats\/","title":{"rendered":"Dinamitzaci\u00f3 de delegats"},"content":{"rendered":"<p>Els delegats\/des i sotsdelegats\/des de l&#8217;institut han tingut l&#8217;oportunitat de participar en un taller de dinamitzaci\u00f3 de delegats condu\u00eft per Quir\u00e0lia, amb la col\u00b7laboraci\u00f3 de la Regidoria de Joventut de l&#8217;Ajuntament de les Masies de Voltreg\u00e0. En aquesta formaci\u00f3, els i les estudiants han abordat la import\u00e0ncia del seu paper com a l\u00edders dins del grup classe i han adquirir habilitats per a la gesti\u00f3 constructiva de conflictes en l&#8217;entorn escolar.<br \/>\nL&#8217;activitat ha perm\u00e8s als estudiants est\u00e0 encara m\u00e9s motivats i  compromesos amb les seves tasques de representaci\u00f3, i els  ha proporcionat eines i estrat\u00e8gies perqu\u00e8 puguin exercir les seves funcions de manera m\u00e9s efica\u00e7.<\/p>\n","protected":false},"excerpt":{"rendered":"<p>Els delegats\/des i sotsdelegats\/des de l&#8217;institut han tingut l&#8217;oportunitat de participar en un taller de dinamitzaci\u00f3 de delegats condu\u00eft per Quir\u00e0lia, amb la col\u00b7laboraci\u00f3 de la Regidoria de Joventut de l&#8217;Ajuntament de les Masies de Voltreg\u00e0. En aquesta formaci\u00f3, els i les estudiants han abordat&hellip;  <a href=\"https:\/\/agora.xtec.cat\/iesdelvoltreganes\/general\/dinamitzacio-de-delegats\/\" title=\"Read Dinamitzaci\u00f3 de delegats\">Llegeix m\u00e9s\u00bb<\/a><\/p>\n","protected":false},"author":6,"featured_media":0,"comment_status":"closed","ping_status":"closed","sticky":false,"template":"","format":"standard","meta":{"_bbp_topic_count":0,"_bbp_reply_count":0,"_bbp_total_topic_count":0,"_bbp_total_reply_count":0,"_bbp_voice_count":0,"_bbp_anonymous_reply_count":0,"_bbp_topic_count_hidden":0,"_bbp_reply_count_hidden":0,"_bbp_forum_subforum_count":0,"footnotes":""},"categories":[1,29],"tags":[58],"class_list":["post-6198","post","type-post","status-publish","format-standard","hentry","category-general","category-portada","tag-tallers"],"post_mailing_queue_ids":[],"_links":{"self":[{"href":"https:\/\/agora.xtec.cat\/iesdelvoltreganes\/wp-json\/wp\/v2\/posts\/6198","targetHints":{"allow":["GET"]}}],"collection":[{"href":"https:\/\/agora.xtec.cat\/iesdelvoltreganes\/wp-json\/wp\/v2\/posts"}],"about":[{"href":"https:\/\/agora.xtec.cat\/iesdelvoltreganes\/wp-json\/wp\/v2\/types\/post"}],"author":[{"embeddable":true,"href":"https:\/\/agora.xtec.cat\/iesdelvoltreganes\/wp-json\/wp\/v2\/users\/6"}],"replies":[{"embeddable":true,"href":"https:\/\/agora.xtec.cat\/iesdelvoltreganes\/wp-json\/wp\/v2\/comments?post=6198"}],"version-history":[{"count":1,"href":"https:\/\/agora.xtec.cat\/iesdelvoltreganes\/wp-json\/wp\/v2\/posts\/6198\/revisions"}],"predecessor-version":[{"id":6199,"href":"https:\/\/agora.xtec.cat\/iesdelvoltreganes\/wp-json\/wp\/v2\/posts\/6198\/revisions\/6199"}],"wp:attachment":[{"href":"https:\/\/agora.xtec.cat\/iesdelvoltreganes\/wp-json\/wp\/v2\/media?parent=6198"}],"wp:term":[{"taxonomy":"category","embeddable":true,"href":"https:\/\/agora.xtec.cat\/iesdelvoltreganes\/wp-json\/wp\/v2\/categories?post=6198"},{"taxonomy":"post_tag","embeddable":true,"href":"https:\/\/agora.xtec.cat\/iesdelvoltreganes\/wp-json\/wp\/v2\/tags?post=6198"}],"curies":[{"name":"wp","href":"https:\/\/api.w.org\/{rel}","templated":true}]}}