{"id":6190,"date":"2023-10-19T13:25:25","date_gmt":"2023-10-19T11:25:25","guid":{"rendered":"https:\/\/agora.xtec.cat\/iesdelvoltreganes\/?p=6190"},"modified":"2023-10-19T13:26:33","modified_gmt":"2023-10-19T11:26:33","slug":"ser-prudent-es-ser-valent","status":"publish","type":"post","link":"https:\/\/agora.xtec.cat\/iesdelvoltreganes\/general\/ser-prudent-es-ser-valent\/","title":{"rendered":"Ser prudent \u00e9s ser valent"},"content":{"rendered":"<p><a href=\"https:\/\/agora.xtec.cat\/iesdelvoltreganes\/wp-content\/uploads\/usu618\/2023\/10\/d222be6c-a7dd-4d98-97cc-102c8fb1bb36.jpg\"><img loading=\"lazy\" decoding=\"async\" class=\"size-medium wp-image-6191 aligncenter\" src=\"https:\/\/agora.xtec.cat\/iesdelvoltreganes\/wp-content\/uploads\/usu618\/2023\/10\/d222be6c-a7dd-4d98-97cc-102c8fb1bb36-300x225.jpg\" alt=\"\" width=\"300\" height=\"225\" srcset=\"https:\/\/agora.xtec.cat\/iesdelvoltreganes\/wp-content\/uploads\/usu618\/2023\/10\/d222be6c-a7dd-4d98-97cc-102c8fb1bb36-300x225.jpg 300w, https:\/\/agora.xtec.cat\/iesdelvoltreganes\/wp-content\/uploads\/usu618\/2023\/10\/d222be6c-a7dd-4d98-97cc-102c8fb1bb36-1024x768.jpg 1024w, https:\/\/agora.xtec.cat\/iesdelvoltreganes\/wp-content\/uploads\/usu618\/2023\/10\/d222be6c-a7dd-4d98-97cc-102c8fb1bb36-768x576.jpg 768w, https:\/\/agora.xtec.cat\/iesdelvoltreganes\/wp-content\/uploads\/usu618\/2023\/10\/d222be6c-a7dd-4d98-97cc-102c8fb1bb36-1536x1152.jpg 1536w, https:\/\/agora.xtec.cat\/iesdelvoltreganes\/wp-content\/uploads\/usu618\/2023\/10\/d222be6c-a7dd-4d98-97cc-102c8fb1bb36-200x150.jpg 200w, https:\/\/agora.xtec.cat\/iesdelvoltreganes\/wp-content\/uploads\/usu618\/2023\/10\/d222be6c-a7dd-4d98-97cc-102c8fb1bb36.jpg 2048w\" sizes=\"auto, (max-width: 300px) 100vw, 300px\" \/>\u00a0\u00a0\u00a0\u00a0\u00a0\u00a0\u00a0\u00a0\u00a0<\/a> <a href=\"https:\/\/agora.xtec.cat\/iesdelvoltreganes\/wp-content\/uploads\/usu618\/2023\/10\/f49bd196-f939-4cd7-aa90-828a482371e5.jpg\"><img loading=\"lazy\" decoding=\"async\" class=\"size-medium wp-image-6192 aligncenter\" src=\"https:\/\/agora.xtec.cat\/iesdelvoltreganes\/wp-content\/uploads\/usu618\/2023\/10\/f49bd196-f939-4cd7-aa90-828a482371e5-300x225.jpg\" alt=\"\" width=\"300\" height=\"225\" srcset=\"https:\/\/agora.xtec.cat\/iesdelvoltreganes\/wp-content\/uploads\/usu618\/2023\/10\/f49bd196-f939-4cd7-aa90-828a482371e5-300x225.jpg 300w, https:\/\/agora.xtec.cat\/iesdelvoltreganes\/wp-content\/uploads\/usu618\/2023\/10\/f49bd196-f939-4cd7-aa90-828a482371e5-1024x768.jpg 1024w, https:\/\/agora.xtec.cat\/iesdelvoltreganes\/wp-content\/uploads\/usu618\/2023\/10\/f49bd196-f939-4cd7-aa90-828a482371e5-768x576.jpg 768w, https:\/\/agora.xtec.cat\/iesdelvoltreganes\/wp-content\/uploads\/usu618\/2023\/10\/f49bd196-f939-4cd7-aa90-828a482371e5-1536x1152.jpg 1536w, https:\/\/agora.xtec.cat\/iesdelvoltreganes\/wp-content\/uploads\/usu618\/2023\/10\/f49bd196-f939-4cd7-aa90-828a482371e5-200x150.jpg 200w, https:\/\/agora.xtec.cat\/iesdelvoltreganes\/wp-content\/uploads\/usu618\/2023\/10\/f49bd196-f939-4cd7-aa90-828a482371e5.jpg 2048w\" sizes=\"auto, (max-width: 300px) 100vw, 300px\" \/><\/a><\/p>\n<p>Els alumnes de 3r i 4t d&#8217;ESO van assistir a la confer\u00e8ncia &#8220;Ser prudent \u00e9s ser valent&#8221; per prevenir accidents i lesions greus i al taller &#8220;Esport adaptat&#8221; a c\u00e0rrec de Jordi Molas.<\/p>\n","protected":false},"excerpt":{"rendered":"<p><a href=\"https:\/\/agora.xtec.cat\/iesdelvoltreganes\/wp-content\/uploads\/usu618\/2023\/10\/d222be6c-a7dd-4d98-97cc-102c8fb1bb36.jpg\">\u00a0\u00a0\u00a0\u00a0\u00a0\u00a0\u00a0\u00a0\u00a0<\/a> <a href=\"https:\/\/agora.xtec.cat\/iesdelvoltreganes\/wp-content\/uploads\/usu618\/2023\/10\/f49bd196-f939-4cd7-aa90-828a482371e5.jpg\"><\/a><br \/>\nEls alumnes de 3r i 4t d&#8217;ESO van assistir a la confer\u00e8ncia &#8220;Ser prudent \u00e9s ser valent&#8221; per prevenir accidents i lesions greus i al taller &#8220;Esport adaptat&#8221; a c\u00e0rrec de Jordi Molas.<\/p>\n","protected":false},"author":6,"featured_media":0,"comment_status":"closed","ping_status":"closed","sticky":false,"template":"","format":"standard","meta":{"_bbp_topic_count":0,"_bbp_reply_count":0,"_bbp_total_topic_count":0,"_bbp_total_reply_count":0,"_bbp_voice_count":0,"_bbp_anonymous_reply_count":0,"_bbp_topic_count_hidden":0,"_bbp_reply_count_hidden":0,"_bbp_forum_subforum_count":0,"footnotes":""},"categories":[6,7,1,29],"tags":[58],"class_list":["post-6190","post","type-post","status-publish","format-standard","hentry","category-eso-3","category-eso-4","category-general","category-portada","tag-tallers"],"post_mailing_queue_ids":[],"_links":{"self":[{"href":"https:\/\/agora.xtec.cat\/iesdelvoltreganes\/wp-json\/wp\/v2\/posts\/6190","targetHints":{"allow":["GET"]}}],"collection":[{"href":"https:\/\/agora.xtec.cat\/iesdelvoltreganes\/wp-json\/wp\/v2\/posts"}],"about":[{"href":"https:\/\/agora.xtec.cat\/iesdelvoltreganes\/wp-json\/wp\/v2\/types\/post"}],"author":[{"embeddable":true,"href":"https:\/\/agora.xtec.cat\/iesdelvoltreganes\/wp-json\/wp\/v2\/users\/6"}],"replies":[{"embeddable":true,"href":"https:\/\/agora.xtec.cat\/iesdelvoltreganes\/wp-json\/wp\/v2\/comments?post=6190"}],"version-history":[{"count":3,"href":"https:\/\/agora.xtec.cat\/iesdelvoltreganes\/wp-json\/wp\/v2\/posts\/6190\/revisions"}],"predecessor-version":[{"id":6195,"href":"https:\/\/agora.xtec.cat\/iesdelvoltreganes\/wp-json\/wp\/v2\/posts\/6190\/revisions\/6195"}],"wp:attachment":[{"href":"https:\/\/agora.xtec.cat\/iesdelvoltreganes\/wp-json\/wp\/v2\/media?parent=6190"}],"wp:term":[{"taxonomy":"category","embeddable":true,"href":"https:\/\/agora.xtec.cat\/iesdelvoltreganes\/wp-json\/wp\/v2\/categories?post=6190"},{"taxonomy":"post_tag","embeddable":true,"href":"https:\/\/agora.xtec.cat\/iesdelvoltreganes\/wp-json\/wp\/v2\/tags?post=6190"}],"curies":[{"name":"wp","href":"https:\/\/api.w.org\/{rel}","templated":true}]}}