{"id":6174,"date":"2023-10-09T12:02:21","date_gmt":"2023-10-09T10:02:21","guid":{"rendered":"https:\/\/agora.xtec.cat\/iesdelvoltreganes\/?p=6174"},"modified":"2023-10-16T11:42:12","modified_gmt":"2023-10-16T09:42:12","slug":"el-meu-objecte-preferit","status":"publish","type":"post","link":"https:\/\/agora.xtec.cat\/iesdelvoltreganes\/general\/el-meu-objecte-preferit\/","title":{"rendered":"El meu objecte preferit"},"content":{"rendered":"<p>Els alumnes de 3r d&#8217;ESO de l&#8217;institut han dut a terme un petit projecte en angl\u00e8s sobre el seu objecte preferit. L&#8217;han publicat i posat en com\u00fa per grups-classe fent servir l&#8217;eina online anomenada Padlet, que permet digitalment crear murals col\u00b7laboratius. Aix\u00ed, han pogut crear, compartir, llegir i valorar tant la seva feina com la feina dels seus companys.<br \/>\nEls resultats han estat molt positius i sorprenents. Han descobert el valor emocional que tenen per nosaltres coses pertanyents a camps tan diversos com ara clothing (T-shirts, sweatshirts, hoodies, football boots,&#8230;), furniture (mirrors, figures,&#8230;), technology (PC, video games, keyboards, record players,&#8230;). Aqu\u00ed podeu veure els guanyadors de cada grup (despr\u00e9s d&#8217;haver fet una tasca de coavaluaci\u00f3 ).<\/p>\n<p><a href=\"https:\/\/agora.xtec.cat\/iesdelvoltreganes\/wp-content\/uploads\/usu618\/2023\/10\/unnamed.png\"><img loading=\"lazy\" decoding=\"async\" class=\"alignnone size-medium wp-image-6183\" src=\"https:\/\/agora.xtec.cat\/iesdelvoltreganes\/wp-content\/uploads\/usu618\/2023\/10\/unnamed-84x300.png\" alt=\"\" width=\"84\" height=\"300\" srcset=\"https:\/\/agora.xtec.cat\/iesdelvoltreganes\/wp-content\/uploads\/usu618\/2023\/10\/unnamed-84x300.png 84w, https:\/\/agora.xtec.cat\/iesdelvoltreganes\/wp-content\/uploads\/usu618\/2023\/10\/unnamed.png 262w\" sizes=\"auto, (max-width: 84px) 100vw, 84px\" \/><\/a> <a href=\"https:\/\/agora.xtec.cat\/iesdelvoltreganes\/wp-content\/uploads\/usu618\/2023\/10\/image-2.png\"><img loading=\"lazy\" decoding=\"async\" class=\"alignnone size-medium wp-image-6177\" src=\"https:\/\/agora.xtec.cat\/iesdelvoltreganes\/wp-content\/uploads\/usu618\/2023\/10\/image-2-111x300.png\" alt=\"\" width=\"111\" height=\"300\" srcset=\"https:\/\/agora.xtec.cat\/iesdelvoltreganes\/wp-content\/uploads\/usu618\/2023\/10\/image-2-111x300.png 111w, https:\/\/agora.xtec.cat\/iesdelvoltreganes\/wp-content\/uploads\/usu618\/2023\/10\/image-2.png 321w\" sizes=\"auto, (max-width: 111px) 100vw, 111px\" \/><\/a> <a href=\"https:\/\/agora.xtec.cat\/iesdelvoltreganes\/wp-content\/uploads\/usu618\/2023\/10\/image.png\"><img loading=\"lazy\" decoding=\"async\" class=\"alignnone size-medium wp-image-6176\" src=\"https:\/\/agora.xtec.cat\/iesdelvoltreganes\/wp-content\/uploads\/usu618\/2023\/10\/image-113x300.png\" alt=\"\" width=\"113\" height=\"300\" srcset=\"https:\/\/agora.xtec.cat\/iesdelvoltreganes\/wp-content\/uploads\/usu618\/2023\/10\/image-113x300.png 113w, https:\/\/agora.xtec.cat\/iesdelvoltreganes\/wp-content\/uploads\/usu618\/2023\/10\/image.png 319w\" sizes=\"auto, (max-width: 113px) 100vw, 113px\" \/><\/a><\/p>\n","protected":false},"excerpt":{"rendered":"<p>Els alumnes de 3r d&#8217;ESO de l&#8217;institut han dut a terme un petit projecte en angl\u00e8s sobre el seu objecte preferit. L&#8217;han publicat i posat en com\u00fa per grups-classe fent servir l&#8217;eina online anomenada Padlet, que permet digitalment crear murals col\u00b7laboratius. Aix\u00ed, han pogut crear,&hellip;  <a href=\"https:\/\/agora.xtec.cat\/iesdelvoltreganes\/general\/el-meu-objecte-preferit\/\" title=\"Read El meu objecte preferit\">Llegeix m\u00e9s\u00bb<\/a><\/p>\n","protected":false},"author":6,"featured_media":0,"comment_status":"closed","ping_status":"closed","sticky":false,"template":"","format":"standard","meta":{"_bbp_topic_count":0,"_bbp_reply_count":0,"_bbp_total_topic_count":0,"_bbp_total_reply_count":0,"_bbp_voice_count":0,"_bbp_anonymous_reply_count":0,"_bbp_topic_count_hidden":0,"_bbp_reply_count_hidden":0,"_bbp_forum_subforum_count":0,"footnotes":""},"categories":[1,71,29],"tags":[],"class_list":["post-6174","post","type-post","status-publish","format-standard","hentry","category-general","category-llengues-estrangeres","category-portada"],"post_mailing_queue_ids":[],"_links":{"self":[{"href":"https:\/\/agora.xtec.cat\/iesdelvoltreganes\/wp-json\/wp\/v2\/posts\/6174","targetHints":{"allow":["GET"]}}],"collection":[{"href":"https:\/\/agora.xtec.cat\/iesdelvoltreganes\/wp-json\/wp\/v2\/posts"}],"about":[{"href":"https:\/\/agora.xtec.cat\/iesdelvoltreganes\/wp-json\/wp\/v2\/types\/post"}],"author":[{"embeddable":true,"href":"https:\/\/agora.xtec.cat\/iesdelvoltreganes\/wp-json\/wp\/v2\/users\/6"}],"replies":[{"embeddable":true,"href":"https:\/\/agora.xtec.cat\/iesdelvoltreganes\/wp-json\/wp\/v2\/comments?post=6174"}],"version-history":[{"count":6,"href":"https:\/\/agora.xtec.cat\/iesdelvoltreganes\/wp-json\/wp\/v2\/posts\/6174\/revisions"}],"predecessor-version":[{"id":6189,"href":"https:\/\/agora.xtec.cat\/iesdelvoltreganes\/wp-json\/wp\/v2\/posts\/6174\/revisions\/6189"}],"wp:attachment":[{"href":"https:\/\/agora.xtec.cat\/iesdelvoltreganes\/wp-json\/wp\/v2\/media?parent=6174"}],"wp:term":[{"taxonomy":"category","embeddable":true,"href":"https:\/\/agora.xtec.cat\/iesdelvoltreganes\/wp-json\/wp\/v2\/categories?post=6174"},{"taxonomy":"post_tag","embeddable":true,"href":"https:\/\/agora.xtec.cat\/iesdelvoltreganes\/wp-json\/wp\/v2\/tags?post=6174"}],"curies":[{"name":"wp","href":"https:\/\/api.w.org\/{rel}","templated":true}]}}