{"id":6151,"date":"2023-09-19T13:46:26","date_gmt":"2023-09-19T11:46:26","guid":{"rendered":"https:\/\/agora.xtec.cat\/iesdelvoltreganes\/?p=6151"},"modified":"2023-09-19T13:46:26","modified_gmt":"2023-09-19T11:46:26","slug":"conferencia-sobre-recerca-i-tractament-de-les-fonts","status":"publish","type":"post","link":"https:\/\/agora.xtec.cat\/iesdelvoltreganes\/general\/conferencia-sobre-recerca-i-tractament-de-les-fonts\/","title":{"rendered":"Confer\u00e8ncia sobre recerca i tractament de les fonts"},"content":{"rendered":"<p>Com cada curs, l&#8217;alumnat de primer de batxillerat haur\u00e0 d&#8217;elaborar el seu treball de recerca.\u00a0 Per comen\u00e7ar amb bon peu, una vegada m\u00e9s, hem comptat amb la pres\u00e8ncia d&#8217;en Pere Casas, historiador i documentalista expert en recerca. En Casas ens ha fet una confer\u00e8ncia sobre com cal recollir, classificar, analitzar i citar les diferents fonts de manera correcta. Els nous investigadors han agra\u00eft les seves recomanacions i sugger\u00e8ncies sobre possibles l\u00ednies de recerca.<\/p>\n","protected":false},"excerpt":{"rendered":"<p>Com cada curs, l&#8217;alumnat de primer de batxillerat haur\u00e0 d&#8217;elaborar el seu treball de recerca.\u00a0 Per comen\u00e7ar amb bon peu, una vegada m\u00e9s, hem comptat amb la pres\u00e8ncia d&#8217;en Pere Casas, historiador i documentalista expert en recerca. En Casas ens ha fet una confer\u00e8ncia sobre&hellip;  <a href=\"https:\/\/agora.xtec.cat\/iesdelvoltreganes\/general\/conferencia-sobre-recerca-i-tractament-de-les-fonts\/\" title=\"Read Confer\u00e8ncia sobre recerca i tractament de les fonts\">Llegeix m\u00e9s\u00bb<\/a><\/p>\n","protected":false},"author":6,"featured_media":0,"comment_status":"closed","ping_status":"closed","sticky":false,"template":"","format":"standard","meta":{"_bbp_topic_count":0,"_bbp_reply_count":0,"_bbp_total_topic_count":0,"_bbp_total_reply_count":0,"_bbp_voice_count":0,"_bbp_anonymous_reply_count":0,"_bbp_topic_count_hidden":0,"_bbp_reply_count_hidden":0,"_bbp_forum_subforum_count":0,"footnotes":""},"categories":[8,1,29],"tags":[140],"class_list":["post-6151","post","type-post","status-publish","format-standard","hentry","category-batxillerat","category-general","category-portada","tag-treball-de-recerca"],"post_mailing_queue_ids":[],"_links":{"self":[{"href":"https:\/\/agora.xtec.cat\/iesdelvoltreganes\/wp-json\/wp\/v2\/posts\/6151","targetHints":{"allow":["GET"]}}],"collection":[{"href":"https:\/\/agora.xtec.cat\/iesdelvoltreganes\/wp-json\/wp\/v2\/posts"}],"about":[{"href":"https:\/\/agora.xtec.cat\/iesdelvoltreganes\/wp-json\/wp\/v2\/types\/post"}],"author":[{"embeddable":true,"href":"https:\/\/agora.xtec.cat\/iesdelvoltreganes\/wp-json\/wp\/v2\/users\/6"}],"replies":[{"embeddable":true,"href":"https:\/\/agora.xtec.cat\/iesdelvoltreganes\/wp-json\/wp\/v2\/comments?post=6151"}],"version-history":[{"count":1,"href":"https:\/\/agora.xtec.cat\/iesdelvoltreganes\/wp-json\/wp\/v2\/posts\/6151\/revisions"}],"predecessor-version":[{"id":6152,"href":"https:\/\/agora.xtec.cat\/iesdelvoltreganes\/wp-json\/wp\/v2\/posts\/6151\/revisions\/6152"}],"wp:attachment":[{"href":"https:\/\/agora.xtec.cat\/iesdelvoltreganes\/wp-json\/wp\/v2\/media?parent=6151"}],"wp:term":[{"taxonomy":"category","embeddable":true,"href":"https:\/\/agora.xtec.cat\/iesdelvoltreganes\/wp-json\/wp\/v2\/categories?post=6151"},{"taxonomy":"post_tag","embeddable":true,"href":"https:\/\/agora.xtec.cat\/iesdelvoltreganes\/wp-json\/wp\/v2\/tags?post=6151"}],"curies":[{"name":"wp","href":"https:\/\/api.w.org\/{rel}","templated":true}]}}