{"id":6092,"date":"2023-06-19T13:41:01","date_gmt":"2023-06-19T11:41:01","guid":{"rendered":"https:\/\/agora.xtec.cat\/iesdelvoltreganes\/?p=6092"},"modified":"2023-06-21T13:46:04","modified_gmt":"2023-06-21T11:46:04","slug":"lhort-de-linstitut-2","status":"publish","type":"post","link":"https:\/\/agora.xtec.cat\/iesdelvoltreganes\/general\/lhort-de-linstitut-2\/","title":{"rendered":"L&#8217;hort de l&#8217;institut"},"content":{"rendered":"<p>Aquest curs els alumnes de 1r d&#8217;ESO hem treballat de valent a l&#8217;hort!<br \/>\nHem apr\u00e8s el proc\u00e9s tecnol\u00f2gic de l&#8217;hort ecol\u00f2gic (preparar la terra, adobar, fer germinar la llavor, plantar, regar, protegir la terra i les plantes d&#8217;una manera sostenible, collir).<br \/>\nTamb\u00e9 hem estudiat la biodiversitat de l&#8217;hort i com ens ajuda a tenir una bona collita.<br \/>\nSens dubte ha estat una bona experi\u00e8ncia!<\/p>\n<p><a href=\"https:\/\/agora.xtec.cat\/iesdelvoltreganes\/wp-content\/uploads\/usu618\/2023\/06\/20221210_102532.jpg\"><img loading=\"lazy\" decoding=\"async\" class=\"size-medium wp-image-6093 aligncenter\" src=\"https:\/\/agora.xtec.cat\/iesdelvoltreganes\/wp-content\/uploads\/usu618\/2023\/06\/20221210_102532-300x300.jpg\" alt=\"\" width=\"300\" height=\"300\" srcset=\"https:\/\/agora.xtec.cat\/iesdelvoltreganes\/wp-content\/uploads\/usu618\/2023\/06\/20221210_102532-300x300.jpg 300w, https:\/\/agora.xtec.cat\/iesdelvoltreganes\/wp-content\/uploads\/usu618\/2023\/06\/20221210_102532-1024x1024.jpg 1024w, https:\/\/agora.xtec.cat\/iesdelvoltreganes\/wp-content\/uploads\/usu618\/2023\/06\/20221210_102532-150x150.jpg 150w, https:\/\/agora.xtec.cat\/iesdelvoltreganes\/wp-content\/uploads\/usu618\/2023\/06\/20221210_102532-768x768.jpg 768w, https:\/\/agora.xtec.cat\/iesdelvoltreganes\/wp-content\/uploads\/usu618\/2023\/06\/20221210_102532.jpg 1080w\" sizes=\"auto, (max-width: 300px) 100vw, 300px\" \/><\/a><\/p>\n<p><a href=\"https:\/\/agora.xtec.cat\/iesdelvoltreganes\/wp-content\/uploads\/usu618\/2023\/06\/IMG_20230602_140056.jpg\"><img loading=\"lazy\" decoding=\"async\" class=\"size-medium wp-image-6094 aligncenter\" src=\"https:\/\/agora.xtec.cat\/iesdelvoltreganes\/wp-content\/uploads\/usu618\/2023\/06\/IMG_20230602_140056-225x300.jpg\" alt=\"\" width=\"225\" height=\"300\" srcset=\"https:\/\/agora.xtec.cat\/iesdelvoltreganes\/wp-content\/uploads\/usu618\/2023\/06\/IMG_20230602_140056-225x300.jpg 225w, https:\/\/agora.xtec.cat\/iesdelvoltreganes\/wp-content\/uploads\/usu618\/2023\/06\/IMG_20230602_140056-768x1024.jpg 768w, https:\/\/agora.xtec.cat\/iesdelvoltreganes\/wp-content\/uploads\/usu618\/2023\/06\/IMG_20230602_140056.jpg 1125w\" sizes=\"auto, (max-width: 225px) 100vw, 225px\" \/><\/a><\/p>\n","protected":false},"excerpt":{"rendered":"<p>Aquest curs els alumnes de 1r d&#8217;ESO hem treballat de valent a l&#8217;hort!<br \/>\nHem apr\u00e8s el proc\u00e9s tecnol\u00f2gic de l&#8217;hort ecol\u00f2gic (preparar la terra, adobar, fer germinar la llavor, plantar, regar, protegir la terra i les plantes d&#8217;una manera sostenible, collir).<br \/>\nTamb\u00e9 hem estudiat la biodiversitat de&hellip;  <a href=\"https:\/\/agora.xtec.cat\/iesdelvoltreganes\/general\/lhort-de-linstitut-2\/\" title=\"Read L&#8217;hort de l&#8217;institut\">Llegeix m\u00e9s\u00bb<\/a><\/p>\n","protected":false},"author":6,"featured_media":0,"comment_status":"closed","ping_status":"closed","sticky":false,"template":"","format":"standard","meta":{"_bbp_topic_count":0,"_bbp_reply_count":0,"_bbp_total_topic_count":0,"_bbp_total_reply_count":0,"_bbp_voice_count":0,"_bbp_anonymous_reply_count":0,"_bbp_topic_count_hidden":0,"_bbp_reply_count_hidden":0,"_bbp_forum_subforum_count":0,"footnotes":""},"categories":[65,4,1,147,29,64],"tags":[],"class_list":["post-6092","post","type-post","status-publish","format-standard","hentry","category-ciencies-experimentals","category-eso-1","category-general","category-hort","category-portada","category-tecnologia"],"post_mailing_queue_ids":[],"_links":{"self":[{"href":"https:\/\/agora.xtec.cat\/iesdelvoltreganes\/wp-json\/wp\/v2\/posts\/6092","targetHints":{"allow":["GET"]}}],"collection":[{"href":"https:\/\/agora.xtec.cat\/iesdelvoltreganes\/wp-json\/wp\/v2\/posts"}],"about":[{"href":"https:\/\/agora.xtec.cat\/iesdelvoltreganes\/wp-json\/wp\/v2\/types\/post"}],"author":[{"embeddable":true,"href":"https:\/\/agora.xtec.cat\/iesdelvoltreganes\/wp-json\/wp\/v2\/users\/6"}],"replies":[{"embeddable":true,"href":"https:\/\/agora.xtec.cat\/iesdelvoltreganes\/wp-json\/wp\/v2\/comments?post=6092"}],"version-history":[{"count":2,"href":"https:\/\/agora.xtec.cat\/iesdelvoltreganes\/wp-json\/wp\/v2\/posts\/6092\/revisions"}],"predecessor-version":[{"id":6096,"href":"https:\/\/agora.xtec.cat\/iesdelvoltreganes\/wp-json\/wp\/v2\/posts\/6092\/revisions\/6096"}],"wp:attachment":[{"href":"https:\/\/agora.xtec.cat\/iesdelvoltreganes\/wp-json\/wp\/v2\/media?parent=6092"}],"wp:term":[{"taxonomy":"category","embeddable":true,"href":"https:\/\/agora.xtec.cat\/iesdelvoltreganes\/wp-json\/wp\/v2\/categories?post=6092"},{"taxonomy":"post_tag","embeddable":true,"href":"https:\/\/agora.xtec.cat\/iesdelvoltreganes\/wp-json\/wp\/v2\/tags?post=6092"}],"curies":[{"name":"wp","href":"https:\/\/api.w.org\/{rel}","templated":true}]}}