{"id":6069,"date":"2023-06-12T13:19:36","date_gmt":"2023-06-12T11:19:36","guid":{"rendered":"https:\/\/agora.xtec.cat\/iesdelvoltreganes\/?p=6069"},"modified":"2023-06-12T13:20:27","modified_gmt":"2023-06-12T11:20:27","slug":"gravant-un-programa-de-radio","status":"publish","type":"post","link":"https:\/\/agora.xtec.cat\/iesdelvoltreganes\/general\/gravant-un-programa-de-radio\/","title":{"rendered":"Gravant un programa de r\u00e0dio"},"content":{"rendered":"<p><a href=\"https:\/\/photos.app.goo.gl\/4FVASYwap6CtKQDh9\" target=\"_blank\" rel=\"noopener\"><img loading=\"lazy\" decoding=\"async\" class=\"aligncenter wp-image-6070 size-medium\" src=\"https:\/\/agora.xtec.cat\/iesdelvoltreganes\/wp-content\/uploads\/usu618\/2023\/06\/IMG_8522-e1686568722481-300x205.jpg\" alt=\"\" width=\"300\" height=\"205\" srcset=\"https:\/\/agora.xtec.cat\/iesdelvoltreganes\/wp-content\/uploads\/usu618\/2023\/06\/IMG_8522-e1686568722481-300x205.jpg 300w, https:\/\/agora.xtec.cat\/iesdelvoltreganes\/wp-content\/uploads\/usu618\/2023\/06\/IMG_8522-e1686568722481.jpg 574w\" sizes=\"auto, (max-width: 300px) 100vw, 300px\" \/><\/a><\/p>\n<p>El dijous dia 8 de juny i el divendres dia 9 de juny els alumnes de 4t d&#8217;ESO van assolir el repte proposat el tercer trimestre a\u00a0 la mat\u00e8ria de Recerca Creaci\u00f3 i Serveis gravant un programa de R\u00e0dio amb el suport d&#8217;en Miquel Arumi. Va ser tota una experi\u00e8ncia!<\/p>\n","protected":false},"excerpt":{"rendered":"<p><a href=\"https:\/\/photos.app.goo.gl\/4FVASYwap6CtKQDh9\" target=\"_blank\" rel=\"noopener\"><\/a><br \/>\nEl dijous dia 8 de juny i el divendres dia 9 de juny els alumnes de 4t d&#8217;ESO van assolir el repte proposat el tercer trimestre a\u00a0 la mat\u00e8ria de Recerca Creaci\u00f3 i Serveis gravant un programa de R\u00e0dio amb el suport&hellip;  <a href=\"https:\/\/agora.xtec.cat\/iesdelvoltreganes\/general\/gravant-un-programa-de-radio\/\" title=\"Read Gravant un programa de r\u00e0dio\">Llegeix m\u00e9s\u00bb<\/a><\/p>\n","protected":false},"author":6,"featured_media":0,"comment_status":"closed","ping_status":"closed","sticky":false,"template":"","format":"standard","meta":{"_bbp_topic_count":0,"_bbp_reply_count":0,"_bbp_total_topic_count":0,"_bbp_total_reply_count":0,"_bbp_voice_count":0,"_bbp_anonymous_reply_count":0,"_bbp_topic_count_hidden":0,"_bbp_reply_count_hidden":0,"_bbp_forum_subforum_count":0,"footnotes":""},"categories":[7,1,29],"tags":[87],"class_list":["post-6069","post","type-post","status-publish","format-standard","hentry","category-eso-4","category-general","category-portada","tag-projectes"],"post_mailing_queue_ids":[],"_links":{"self":[{"href":"https:\/\/agora.xtec.cat\/iesdelvoltreganes\/wp-json\/wp\/v2\/posts\/6069","targetHints":{"allow":["GET"]}}],"collection":[{"href":"https:\/\/agora.xtec.cat\/iesdelvoltreganes\/wp-json\/wp\/v2\/posts"}],"about":[{"href":"https:\/\/agora.xtec.cat\/iesdelvoltreganes\/wp-json\/wp\/v2\/types\/post"}],"author":[{"embeddable":true,"href":"https:\/\/agora.xtec.cat\/iesdelvoltreganes\/wp-json\/wp\/v2\/users\/6"}],"replies":[{"embeddable":true,"href":"https:\/\/agora.xtec.cat\/iesdelvoltreganes\/wp-json\/wp\/v2\/comments?post=6069"}],"version-history":[{"count":3,"href":"https:\/\/agora.xtec.cat\/iesdelvoltreganes\/wp-json\/wp\/v2\/posts\/6069\/revisions"}],"predecessor-version":[{"id":6073,"href":"https:\/\/agora.xtec.cat\/iesdelvoltreganes\/wp-json\/wp\/v2\/posts\/6069\/revisions\/6073"}],"wp:attachment":[{"href":"https:\/\/agora.xtec.cat\/iesdelvoltreganes\/wp-json\/wp\/v2\/media?parent=6069"}],"wp:term":[{"taxonomy":"category","embeddable":true,"href":"https:\/\/agora.xtec.cat\/iesdelvoltreganes\/wp-json\/wp\/v2\/categories?post=6069"},{"taxonomy":"post_tag","embeddable":true,"href":"https:\/\/agora.xtec.cat\/iesdelvoltreganes\/wp-json\/wp\/v2\/tags?post=6069"}],"curies":[{"name":"wp","href":"https:\/\/api.w.org\/{rel}","templated":true}]}}