{"id":6025,"date":"2023-05-23T14:09:19","date_gmt":"2023-05-23T12:09:19","guid":{"rendered":"https:\/\/agora.xtec.cat\/iesdelvoltreganes\/?p=6025"},"modified":"2023-05-23T14:11:04","modified_gmt":"2023-05-23T12:11:04","slug":"conte-contat-conte-acabat","status":"publish","type":"post","link":"https:\/\/agora.xtec.cat\/iesdelvoltreganes\/general\/conte-contat-conte-acabat\/","title":{"rendered":"Conte contat conte acabat"},"content":{"rendered":"<p><a href=\"https:\/\/agora.xtec.cat\/iesdelvoltreganes\/wp-content\/uploads\/usu618\/2023\/05\/WhatsApp-Image-2023-05-19-at-19.39.43-1.jpeg\"><img loading=\"lazy\" decoding=\"async\" class=\"size-medium wp-image-6028 aligncenter\" src=\"https:\/\/agora.xtec.cat\/iesdelvoltreganes\/wp-content\/uploads\/usu618\/2023\/05\/WhatsApp-Image-2023-05-19-at-19.39.43-1-300x226.jpeg\" alt=\"\" width=\"300\" height=\"226\" srcset=\"https:\/\/agora.xtec.cat\/iesdelvoltreganes\/wp-content\/uploads\/usu618\/2023\/05\/WhatsApp-Image-2023-05-19-at-19.39.43-1-300x226.jpeg 300w, https:\/\/agora.xtec.cat\/iesdelvoltreganes\/wp-content\/uploads\/usu618\/2023\/05\/WhatsApp-Image-2023-05-19-at-19.39.43-1-1024x771.jpeg 1024w, https:\/\/agora.xtec.cat\/iesdelvoltreganes\/wp-content\/uploads\/usu618\/2023\/05\/WhatsApp-Image-2023-05-19-at-19.39.43-1-768x578.jpeg 768w, https:\/\/agora.xtec.cat\/iesdelvoltreganes\/wp-content\/uploads\/usu618\/2023\/05\/WhatsApp-Image-2023-05-19-at-19.39.43-1-1536x1157.jpeg 1536w, https:\/\/agora.xtec.cat\/iesdelvoltreganes\/wp-content\/uploads\/usu618\/2023\/05\/WhatsApp-Image-2023-05-19-at-19.39.43-1-200x150.jpeg 200w, https:\/\/agora.xtec.cat\/iesdelvoltreganes\/wp-content\/uploads\/usu618\/2023\/05\/WhatsApp-Image-2023-05-19-at-19.39.43-1.jpeg 2040w\" sizes=\"auto, (max-width: 300px) 100vw, 300px\" \/><\/a><\/p>\n<p><a href=\"https:\/\/agora.xtec.cat\/iesdelvoltreganes\/wp-content\/uploads\/usu618\/2023\/05\/WhatsApp-Image-2023-05-19-at-19.39.42-1.jpeg\"><img loading=\"lazy\" decoding=\"async\" class=\"size-medium wp-image-6026 aligncenter\" src=\"https:\/\/agora.xtec.cat\/iesdelvoltreganes\/wp-content\/uploads\/usu618\/2023\/05\/WhatsApp-Image-2023-05-19-at-19.39.42-1-226x300.jpeg\" alt=\"\" width=\"226\" height=\"300\" srcset=\"https:\/\/agora.xtec.cat\/iesdelvoltreganes\/wp-content\/uploads\/usu618\/2023\/05\/WhatsApp-Image-2023-05-19-at-19.39.42-1-226x300.jpeg 226w, https:\/\/agora.xtec.cat\/iesdelvoltreganes\/wp-content\/uploads\/usu618\/2023\/05\/WhatsApp-Image-2023-05-19-at-19.39.42-1-771x1024.jpeg 771w, https:\/\/agora.xtec.cat\/iesdelvoltreganes\/wp-content\/uploads\/usu618\/2023\/05\/WhatsApp-Image-2023-05-19-at-19.39.42-1-768x1020.jpeg 768w, https:\/\/agora.xtec.cat\/iesdelvoltreganes\/wp-content\/uploads\/usu618\/2023\/05\/WhatsApp-Image-2023-05-19-at-19.39.42-1-1157x1536.jpeg 1157w, https:\/\/agora.xtec.cat\/iesdelvoltreganes\/wp-content\/uploads\/usu618\/2023\/05\/WhatsApp-Image-2023-05-19-at-19.39.42-1.jpeg 1536w\" sizes=\"auto, (max-width: 226px) 100vw, 226px\" \/><\/a><\/p>\n<p>El dia 19 de maig els alumnes de 4t d&#8217;ESO que durant aquest trimestre han treballat el Projecte conte contat conte acabat, han anat a presentar a l&#8217;Escola Bressol Can Riva l&#8217;espectacle que han preparat per als infants. Es tracta d&#8217;un conte de creaci\u00f3 pr\u00f2pia que han animat amb titelles i amb un recull de can\u00e7ons infantils. Aquest espectacle \u00e9s un projecte que s&#8217;ha desenvolupat conjuntament amb els seus companys de l&#8217;optativa de m\u00fasica i d&#8217;altres companys que han col\u00b7laborat de manera puntual.<br \/>\nEls nens i nenes de l&#8217;escola Bressol Can Riva han pogut gaudir d&#8217;un espectacle molt bonic, i s&#8217;ho han passat d&#8217;all\u00f2 m\u00e9s b\u00e9!. Els alumnes de 4rt d&#8217;ESO i els professors que hi hem participat ho valorem molt positivament, i tamb\u00e9 n&#8217;hem gaudit molt.<\/p>\n","protected":false},"excerpt":{"rendered":"<p><a href=\"https:\/\/agora.xtec.cat\/iesdelvoltreganes\/wp-content\/uploads\/usu618\/2023\/05\/WhatsApp-Image-2023-05-19-at-19.39.43-1.jpeg\"><\/a><br \/>\n<a href=\"https:\/\/agora.xtec.cat\/iesdelvoltreganes\/wp-content\/uploads\/usu618\/2023\/05\/WhatsApp-Image-2023-05-19-at-19.39.42-1.jpeg\"><\/a><br \/>\nEl dia 19 de maig els alumnes de 4t d&#8217;ESO que durant aquest trimestre han treballat el Projecte conte contat conte acabat, han anat a presentar a l&#8217;Escola Bressol Can Riva l&#8217;espectacle que han preparat per als infants. Es tracta d&#8217;un conte de&hellip;  <a href=\"https:\/\/agora.xtec.cat\/iesdelvoltreganes\/general\/conte-contat-conte-acabat\/\" title=\"Read Conte contat conte acabat\">Llegeix m\u00e9s\u00bb<\/a><\/p>\n","protected":false},"author":6,"featured_media":0,"comment_status":"closed","ping_status":"closed","sticky":false,"template":"","format":"standard","meta":{"_bbp_topic_count":0,"_bbp_reply_count":0,"_bbp_total_topic_count":0,"_bbp_total_reply_count":0,"_bbp_voice_count":0,"_bbp_anonymous_reply_count":0,"_bbp_topic_count_hidden":0,"_bbp_reply_count_hidden":0,"_bbp_forum_subforum_count":0,"footnotes":""},"categories":[7,1,29],"tags":[],"class_list":["post-6025","post","type-post","status-publish","format-standard","hentry","category-eso-4","category-general","category-portada"],"post_mailing_queue_ids":[],"_links":{"self":[{"href":"https:\/\/agora.xtec.cat\/iesdelvoltreganes\/wp-json\/wp\/v2\/posts\/6025","targetHints":{"allow":["GET"]}}],"collection":[{"href":"https:\/\/agora.xtec.cat\/iesdelvoltreganes\/wp-json\/wp\/v2\/posts"}],"about":[{"href":"https:\/\/agora.xtec.cat\/iesdelvoltreganes\/wp-json\/wp\/v2\/types\/post"}],"author":[{"embeddable":true,"href":"https:\/\/agora.xtec.cat\/iesdelvoltreganes\/wp-json\/wp\/v2\/users\/6"}],"replies":[{"embeddable":true,"href":"https:\/\/agora.xtec.cat\/iesdelvoltreganes\/wp-json\/wp\/v2\/comments?post=6025"}],"version-history":[{"count":3,"href":"https:\/\/agora.xtec.cat\/iesdelvoltreganes\/wp-json\/wp\/v2\/posts\/6025\/revisions"}],"predecessor-version":[{"id":6032,"href":"https:\/\/agora.xtec.cat\/iesdelvoltreganes\/wp-json\/wp\/v2\/posts\/6025\/revisions\/6032"}],"wp:attachment":[{"href":"https:\/\/agora.xtec.cat\/iesdelvoltreganes\/wp-json\/wp\/v2\/media?parent=6025"}],"wp:term":[{"taxonomy":"category","embeddable":true,"href":"https:\/\/agora.xtec.cat\/iesdelvoltreganes\/wp-json\/wp\/v2\/categories?post=6025"},{"taxonomy":"post_tag","embeddable":true,"href":"https:\/\/agora.xtec.cat\/iesdelvoltreganes\/wp-json\/wp\/v2\/tags?post=6025"}],"curies":[{"name":"wp","href":"https:\/\/api.w.org\/{rel}","templated":true}]}}