{"id":6016,"date":"2023-05-22T16:21:51","date_gmt":"2023-05-22T14:21:51","guid":{"rendered":"https:\/\/agora.xtec.cat\/iesdelvoltreganes\/?p=6016"},"modified":"2023-05-22T16:31:18","modified_gmt":"2023-05-22T14:31:18","slug":"gravacio-del-programa-lofici-deducar","status":"publish","type":"post","link":"https:\/\/agora.xtec.cat\/iesdelvoltreganes\/general\/gravacio-del-programa-lofici-deducar\/","title":{"rendered":"Gravaci\u00f3 del programa l&#8217;Ofici d&#8217;Educar"},"content":{"rendered":"<p>Aquest dilluns, la Berta Ruano de 4t d&#8217;ESO ha participat a la gravaci\u00f3 del programa l&#8217;Ofici d&#8217;Educar (El Suplement) de Catalunya R\u00e0dio en representaci\u00f3 de l&#8217;Institut i com a clausura del projecte de Recerca, Creaci\u00f3 i Servei. El programa es podr\u00e0 escoltar en directe a Catalunya R\u00e0dio diumenge al mat\u00ed o recuperar el podcast despr\u00e9s de l&#8217;emissi\u00f3.<\/p>\n<p><a href=\"https:\/\/agora.xtec.cat\/iesdelvoltreganes\/wp-content\/uploads\/usu618\/2023\/05\/1684763740235-scaled.jpg\"><img loading=\"lazy\" decoding=\"async\" class=\"size-medium wp-image-6017 aligncenter\" src=\"https:\/\/agora.xtec.cat\/iesdelvoltreganes\/wp-content\/uploads\/usu618\/2023\/05\/1684763740235-300x159.jpg\" alt=\"\" width=\"300\" height=\"159\" srcset=\"https:\/\/agora.xtec.cat\/iesdelvoltreganes\/wp-content\/uploads\/usu618\/2023\/05\/1684763740235-300x159.jpg 300w, https:\/\/agora.xtec.cat\/iesdelvoltreganes\/wp-content\/uploads\/usu618\/2023\/05\/1684763740235-1024x544.jpg 1024w, https:\/\/agora.xtec.cat\/iesdelvoltreganes\/wp-content\/uploads\/usu618\/2023\/05\/1684763740235-768x408.jpg 768w, https:\/\/agora.xtec.cat\/iesdelvoltreganes\/wp-content\/uploads\/usu618\/2023\/05\/1684763740235-1536x816.jpg 1536w, https:\/\/agora.xtec.cat\/iesdelvoltreganes\/wp-content\/uploads\/usu618\/2023\/05\/1684763740235-2048x1088.jpg 2048w\" sizes=\"auto, (max-width: 300px) 100vw, 300px\" \/><\/a><\/p>\n<p><a href=\"https:\/\/agora.xtec.cat\/iesdelvoltreganes\/wp-content\/uploads\/usu618\/2023\/05\/1684763740213-scaled.jpg\"><img loading=\"lazy\" decoding=\"async\" class=\"size-medium wp-image-6018 aligncenter\" src=\"https:\/\/agora.xtec.cat\/iesdelvoltreganes\/wp-content\/uploads\/usu618\/2023\/05\/1684763740213-300x176.jpg\" alt=\"\" width=\"300\" height=\"176\" srcset=\"https:\/\/agora.xtec.cat\/iesdelvoltreganes\/wp-content\/uploads\/usu618\/2023\/05\/1684763740213-300x176.jpg 300w, https:\/\/agora.xtec.cat\/iesdelvoltreganes\/wp-content\/uploads\/usu618\/2023\/05\/1684763740213-1024x601.jpg 1024w, https:\/\/agora.xtec.cat\/iesdelvoltreganes\/wp-content\/uploads\/usu618\/2023\/05\/1684763740213-768x451.jpg 768w, https:\/\/agora.xtec.cat\/iesdelvoltreganes\/wp-content\/uploads\/usu618\/2023\/05\/1684763740213-1536x902.jpg 1536w, https:\/\/agora.xtec.cat\/iesdelvoltreganes\/wp-content\/uploads\/usu618\/2023\/05\/1684763740213-2048x1203.jpg 2048w\" sizes=\"auto, (max-width: 300px) 100vw, 300px\" \/><\/a><\/p>\n","protected":false},"excerpt":{"rendered":"<p>Aquest dilluns, la Berta Ruano de 4t d&#8217;ESO ha participat a la gravaci\u00f3 del programa l&#8217;Ofici d&#8217;Educar (El Suplement) de Catalunya R\u00e0dio en representaci\u00f3 de l&#8217;Institut i com a clausura del projecte de Recerca, Creaci\u00f3 i Servei. El programa es podr\u00e0 escoltar en directe a&hellip;  <a href=\"https:\/\/agora.xtec.cat\/iesdelvoltreganes\/general\/gravacio-del-programa-lofici-deducar\/\" title=\"Read Gravaci\u00f3 del programa l&#8217;Ofici d&#8217;Educar\">Llegeix m\u00e9s\u00bb<\/a><\/p>\n","protected":false},"author":6,"featured_media":0,"comment_status":"closed","ping_status":"closed","sticky":false,"template":"","format":"standard","meta":{"_bbp_topic_count":0,"_bbp_reply_count":0,"_bbp_total_topic_count":0,"_bbp_total_reply_count":0,"_bbp_voice_count":0,"_bbp_anonymous_reply_count":0,"_bbp_topic_count_hidden":0,"_bbp_reply_count_hidden":0,"_bbp_forum_subforum_count":0,"footnotes":""},"categories":[7,1,72,29],"tags":[],"class_list":["post-6016","post","type-post","status-publish","format-standard","hentry","category-eso-4","category-general","category-llengues-i-literatura","category-portada"],"post_mailing_queue_ids":[],"_links":{"self":[{"href":"https:\/\/agora.xtec.cat\/iesdelvoltreganes\/wp-json\/wp\/v2\/posts\/6016","targetHints":{"allow":["GET"]}}],"collection":[{"href":"https:\/\/agora.xtec.cat\/iesdelvoltreganes\/wp-json\/wp\/v2\/posts"}],"about":[{"href":"https:\/\/agora.xtec.cat\/iesdelvoltreganes\/wp-json\/wp\/v2\/types\/post"}],"author":[{"embeddable":true,"href":"https:\/\/agora.xtec.cat\/iesdelvoltreganes\/wp-json\/wp\/v2\/users\/6"}],"replies":[{"embeddable":true,"href":"https:\/\/agora.xtec.cat\/iesdelvoltreganes\/wp-json\/wp\/v2\/comments?post=6016"}],"version-history":[{"count":3,"href":"https:\/\/agora.xtec.cat\/iesdelvoltreganes\/wp-json\/wp\/v2\/posts\/6016\/revisions"}],"predecessor-version":[{"id":6021,"href":"https:\/\/agora.xtec.cat\/iesdelvoltreganes\/wp-json\/wp\/v2\/posts\/6016\/revisions\/6021"}],"wp:attachment":[{"href":"https:\/\/agora.xtec.cat\/iesdelvoltreganes\/wp-json\/wp\/v2\/media?parent=6016"}],"wp:term":[{"taxonomy":"category","embeddable":true,"href":"https:\/\/agora.xtec.cat\/iesdelvoltreganes\/wp-json\/wp\/v2\/categories?post=6016"},{"taxonomy":"post_tag","embeddable":true,"href":"https:\/\/agora.xtec.cat\/iesdelvoltreganes\/wp-json\/wp\/v2\/tags?post=6016"}],"curies":[{"name":"wp","href":"https:\/\/api.w.org\/{rel}","templated":true}]}}