{"id":6007,"date":"2023-05-11T15:15:23","date_gmt":"2023-05-11T13:15:23","guid":{"rendered":"https:\/\/agora.xtec.cat\/iesdelvoltreganes\/?p=6007"},"modified":"2023-05-11T15:15:51","modified_gmt":"2023-05-11T13:15:51","slug":"estades-interdisciplinars-a-vilada","status":"publish","type":"post","link":"https:\/\/agora.xtec.cat\/iesdelvoltreganes\/general\/estades-interdisciplinars-a-vilada\/","title":{"rendered":"Estades interdisciplinars a Vilada"},"content":{"rendered":"<p>El 4 i 5 de maig els alumnes de 1r d&#8217;ESO vam anar a fer unes estades interdisciplinars a Vilada i tamb\u00e9 vam visitar el refugi d&#8217;animals de Camadoca, a Santa Maria de Merl\u00e8s, on vam aprendre quina \u00e9s la fauna i flora dels nostres rius i boscos, i qu\u00e8 podem fer per a protegir-la i conservar-la.<br \/>\n<a href=\"https:\/\/photos.app.goo.gl\/V65HrvtVEC6QFsW8A\" target=\"_blank\" rel=\"noopener\"><img loading=\"lazy\" decoding=\"async\" class=\"aligncenter wp-image-6009 size-medium\" src=\"https:\/\/agora.xtec.cat\/iesdelvoltreganes\/wp-content\/uploads\/usu618\/2023\/05\/70e90158-1bf4-47d6-b297-9d085da73440-300x135.jpg\" alt=\"\" width=\"300\" height=\"135\" srcset=\"https:\/\/agora.xtec.cat\/iesdelvoltreganes\/wp-content\/uploads\/usu618\/2023\/05\/70e90158-1bf4-47d6-b297-9d085da73440-300x135.jpg 300w, https:\/\/agora.xtec.cat\/iesdelvoltreganes\/wp-content\/uploads\/usu618\/2023\/05\/70e90158-1bf4-47d6-b297-9d085da73440-1024x461.jpg 1024w, https:\/\/agora.xtec.cat\/iesdelvoltreganes\/wp-content\/uploads\/usu618\/2023\/05\/70e90158-1bf4-47d6-b297-9d085da73440-768x346.jpg 768w, https:\/\/agora.xtec.cat\/iesdelvoltreganes\/wp-content\/uploads\/usu618\/2023\/05\/70e90158-1bf4-47d6-b297-9d085da73440-1536x691.jpg 1536w, https:\/\/agora.xtec.cat\/iesdelvoltreganes\/wp-content\/uploads\/usu618\/2023\/05\/70e90158-1bf4-47d6-b297-9d085da73440.jpg 1600w\" sizes=\"auto, (max-width: 300px) 100vw, 300px\" \/><\/a><\/p>\n","protected":false},"excerpt":{"rendered":"<p>El 4 i 5 de maig els alumnes de 1r d&#8217;ESO vam anar a fer unes estades interdisciplinars a Vilada i tamb\u00e9 vam visitar el refugi d&#8217;animals de Camadoca, a Santa Maria de Merl\u00e8s, on vam aprendre quina \u00e9s la fauna i flora dels nostres&hellip;  <a href=\"https:\/\/agora.xtec.cat\/iesdelvoltreganes\/general\/estades-interdisciplinars-a-vilada\/\" title=\"Read Estades interdisciplinars a Vilada\">Llegeix m\u00e9s\u00bb<\/a><\/p>\n","protected":false},"author":6,"featured_media":0,"comment_status":"closed","ping_status":"closed","sticky":false,"template":"","format":"standard","meta":{"_bbp_topic_count":0,"_bbp_reply_count":0,"_bbp_total_topic_count":0,"_bbp_total_reply_count":0,"_bbp_voice_count":0,"_bbp_anonymous_reply_count":0,"_bbp_topic_count_hidden":0,"_bbp_reply_count_hidden":0,"_bbp_forum_subforum_count":0,"footnotes":""},"categories":[4,1,29],"tags":[39],"class_list":["post-6007","post","type-post","status-publish","format-standard","hentry","category-eso-1","category-general","category-portada","tag-sortides"],"post_mailing_queue_ids":[],"_links":{"self":[{"href":"https:\/\/agora.xtec.cat\/iesdelvoltreganes\/wp-json\/wp\/v2\/posts\/6007","targetHints":{"allow":["GET"]}}],"collection":[{"href":"https:\/\/agora.xtec.cat\/iesdelvoltreganes\/wp-json\/wp\/v2\/posts"}],"about":[{"href":"https:\/\/agora.xtec.cat\/iesdelvoltreganes\/wp-json\/wp\/v2\/types\/post"}],"author":[{"embeddable":true,"href":"https:\/\/agora.xtec.cat\/iesdelvoltreganes\/wp-json\/wp\/v2\/users\/6"}],"replies":[{"embeddable":true,"href":"https:\/\/agora.xtec.cat\/iesdelvoltreganes\/wp-json\/wp\/v2\/comments?post=6007"}],"version-history":[{"count":3,"href":"https:\/\/agora.xtec.cat\/iesdelvoltreganes\/wp-json\/wp\/v2\/posts\/6007\/revisions"}],"predecessor-version":[{"id":6011,"href":"https:\/\/agora.xtec.cat\/iesdelvoltreganes\/wp-json\/wp\/v2\/posts\/6007\/revisions\/6011"}],"wp:attachment":[{"href":"https:\/\/agora.xtec.cat\/iesdelvoltreganes\/wp-json\/wp\/v2\/media?parent=6007"}],"wp:term":[{"taxonomy":"category","embeddable":true,"href":"https:\/\/agora.xtec.cat\/iesdelvoltreganes\/wp-json\/wp\/v2\/categories?post=6007"},{"taxonomy":"post_tag","embeddable":true,"href":"https:\/\/agora.xtec.cat\/iesdelvoltreganes\/wp-json\/wp\/v2\/tags?post=6007"}],"curies":[{"name":"wp","href":"https:\/\/api.w.org\/{rel}","templated":true}]}}